{"id":15218,"date":"2022-10-20T08:31:23","date_gmt":"2022-10-20T06:31:23","guid":{"rendered":"https:\/\/www.tgm.ac.at\/?p=15218"},"modified":"2023-07-25T09:36:39","modified_gmt":"2023-07-25T07:36:39","slug":"eine-woche-italy-mit-erasmus","status":"publish","type":"post","link":"http:\/\/172.16.202.26\/?p=15218","title":{"rendered":"Eine Woche ITaly mit Erasmus+"},"content":{"rendered":"\t\t<div data-elementor-type=\"wp-post\" data-elementor-id=\"15218\" class=\"elementor elementor-15218\">\n\t\t\t\t\t\t<section class=\"elementor-section elementor-top-section elementor-element elementor-element-e995881 elementor-section-boxed elementor-section-height-default elementor-section-height-default\" data-id=\"e995881\" data-element_type=\"section\">\n\t\t\t\t\t\t<div class=\"elementor-container elementor-column-gap-default\">\n\t\t\t\t\t<div class=\"elementor-column elementor-col-100 elementor-top-column elementor-element elementor-element-969ad44\" data-id=\"969ad44\" data-element_type=\"column\">\n\t\t\t<div class=\"elementor-widget-wrap elementor-element-populated\">\n\t\t\t\t\t\t<div class=\"elementor-element elementor-element-1a4249c elementor-widget elementor-widget-text-editor\" data-id=\"1a4249c\" data-element_type=\"widget\" data-widget_type=\"text-editor.default\">\n\t\t\t\t<div class=\"elementor-widget-container\">\n\t\t\t<style>\/*! elementor - v3.20.0 - 13-03-2024 *\/\n.elementor-widget-text-editor.elementor-drop-cap-view-stacked .elementor-drop-cap{background-color:#69727d;color:#fff}.elementor-widget-text-editor.elementor-drop-cap-view-framed .elementor-drop-cap{color:#69727d;border:3px solid;background-color:transparent}.elementor-widget-text-editor:not(.elementor-drop-cap-view-default) .elementor-drop-cap{margin-top:8px}.elementor-widget-text-editor:not(.elementor-drop-cap-view-default) .elementor-drop-cap-letter{width:1em;height:1em}.elementor-widget-text-editor .elementor-drop-cap{float:left;text-align:center;line-height:1;font-size:50px}.elementor-widget-text-editor .elementor-drop-cap-letter{display:inline-block}<\/style>\t\t\t\t<p style=\"text-align: center;\">20.10.2022<\/p>\t\t\t\t\t\t<\/div>\n\t\t\t\t<\/div>\n\t\t\t\t\t<\/div>\n\t\t<\/div>\n\t\t\t\t\t<\/div>\n\t\t<\/section>\n\t\t\t\t<section class=\"elementor-section elementor-top-section elementor-element elementor-element-1c7c195 elementor-section-boxed elementor-section-height-default elementor-section-height-default\" data-id=\"1c7c195\" data-element_type=\"section\">\n\t\t\t\t\t\t<div class=\"elementor-container elementor-column-gap-default\">\n\t\t\t\t\t<div class=\"elementor-column elementor-col-100 elementor-top-column elementor-element elementor-element-6ab2c83\" data-id=\"6ab2c83\" data-element_type=\"column\">\n\t\t\t<div class=\"elementor-widget-wrap elementor-element-populated\">\n\t\t\t\t\t\t<div class=\"elementor-element elementor-element-1256be7 elementor-widget elementor-widget-heading\" data-id=\"1256be7\" data-element_type=\"widget\" data-widget_type=\"heading.default\">\n\t\t\t\t<div class=\"elementor-widget-container\">\n\t\t\t<style>\/*! elementor - v3.20.0 - 13-03-2024 *\/\n.elementor-heading-title{padding:0;margin:0;line-height:1}.elementor-widget-heading .elementor-heading-title[class*=elementor-size-]>a{color:inherit;font-size:inherit;line-height:inherit}.elementor-widget-heading .elementor-heading-title.elementor-size-small{font-size:15px}.elementor-widget-heading .elementor-heading-title.elementor-size-medium{font-size:19px}.elementor-widget-heading .elementor-heading-title.elementor-size-large{font-size:29px}.elementor-widget-heading .elementor-heading-title.elementor-size-xl{font-size:39px}.elementor-widget-heading .elementor-heading-title.elementor-size-xxl{font-size:59px}<\/style><h2 class=\"elementor-heading-title elementor-size-default\">Eine Woche ITaly mit Erasmus+<\/h2>\t\t<\/div>\n\t\t\t\t<\/div>\n\t\t\t\t\t<\/div>\n\t\t<\/div>\n\t\t\t\t\t<\/div>\n\t\t<\/section>\n\t\t\t\t<section class=\"elementor-section elementor-top-section elementor-element elementor-element-6270175 elementor-section-boxed elementor-section-height-default elementor-section-height-default\" data-id=\"6270175\" data-element_type=\"section\">\n\t\t\t\t\t\t<div class=\"elementor-container elementor-column-gap-default\">\n\t\t\t\t\t<div class=\"elementor-column elementor-col-100 elementor-top-column elementor-element elementor-element-b572175\" data-id=\"b572175\" data-element_type=\"column\">\n\t\t\t<div class=\"elementor-widget-wrap elementor-element-populated\">\n\t\t\t\t\t\t<div class=\"elementor-element elementor-element-cd738ba elementor-widget elementor-widget-text-editor\" data-id=\"cd738ba\" data-element_type=\"widget\" data-widget_type=\"text-editor.default\">\n\t\t\t\t<div class=\"elementor-widget-container\">\n\t\t\t\t\t\t\t<p>Eine Gruppe aus 13 Sch\u00fclern und Sch\u00fclerinnen der Abteilung HIT (+WI) verbrachte Ende September eine Woche in dem sch\u00f6nen St\u00e4dtchen Pavullo in Italien. Gemeinsam mit Kollegen und Kolleginnen aus Spanien, Griechenland und den italienischen Gastgebern wurden unter dem Motto BrAIins (Bring AI into schools) Workshops abgehalten und internationale Kontakte gekn\u00fcpft. Zwei Sch\u00fcler berichten \u00fcber ihre Erfahrungen.<\/p><p>\u00a0<\/p><p>Das Projekt startete mit einem schrillen Wecker nach einer langen Freitag Nacht um 5:10. Der Treffpunkt mit den anderen Projektteilnehmern war um 6:30 am Terminal 3, Flughafen Schwechat. Das Ziel: Italia!<\/p><p>\u00a0<\/p><p>Nach unserer Anreise nach Bologna machten wir uns weiter auf den Weg nach Pavullo, wo uns schon unsere Hosts erwarteten. Nach einer herzlichen Begr\u00fc\u00dfung Familien begaben wir uns zu unserer jeweiligen Gastfamilie nach Hause, wo f\u00fcr alle von uns ein leckeres Essen bereitstand. Am nachfolgenden Tag war Family Day, an dem die meisten von uns die Geburtsst\u00e4tte der Ferrari-Autos bewundern konnten. Nat\u00fcrlich waren wir an diesem Tag auch wieder sehr gut essen.<\/p><p>\u00a0<\/p><p>In den darauffolgenden Tagen hatten wir spannende Workshops, welche sich rund um das Thema AI drehten. Weiters besuchten wir die Burg Montecuccolo, wo wir mehr \u00fcber die Geschichte Pavullos erfuhren. Eine weitere spannende Activity war eine Schnitzeljagd durch ganz Pavullo, in welcher die Sch\u00fcler unterschiedliche Challenges wie zum Beispiel tanzen oder basteln absolvieren mussten. An den Nachmittagen trafen sich nach dem Essen zu Hause alle wieder in der Innenstadt.<\/p>\t\t\t\t\t\t<\/div>\n\t\t\t\t<\/div>\n\t\t\t\t\t<\/div>\n\t\t<\/div>\n\t\t\t\t\t<\/div>\n\t\t<\/section>\n\t\t\t\t<section class=\"elementor-section elementor-top-section elementor-element elementor-element-f327183 elementor-section-boxed elementor-section-height-default elementor-section-height-default\" data-id=\"f327183\" data-element_type=\"section\">\n\t\t\t\t\t\t<div class=\"elementor-container elementor-column-gap-default\">\n\t\t\t\t\t<div class=\"elementor-column elementor-col-100 elementor-top-column elementor-element elementor-element-8c2e384\" data-id=\"8c2e384\" data-element_type=\"column\">\n\t\t\t<div class=\"elementor-widget-wrap elementor-element-populated\">\n\t\t\t\t\t\t<div class=\"elementor-element elementor-element-80b9f7f elementor-widget elementor-widget-image\" data-id=\"80b9f7f\" data-element_type=\"widget\" data-widget_type=\"image.default\">\n\t\t\t\t<div class=\"elementor-widget-container\">\n\t\t\t<style>\/*! elementor - v3.20.0 - 13-03-2024 *\/\n.elementor-widget-image{text-align:center}.elementor-widget-image a{display:inline-block}.elementor-widget-image a img[src$=\".svg\"]{width:48px}.elementor-widget-image img{vertical-align:middle;display:inline-block}<\/style>\t\t\t\t\t\t\t\t\t\t<img fetchpriority=\"high\" decoding=\"async\" width=\"640\" height=\"480\" src=\"http:\/\/172.16.202.26\/wp-content\/uploads\/2022\/10\/2-768x576.png\" class=\"attachment-medium_large size-medium_large wp-image-15220\" alt=\"\" srcset=\"http:\/\/172.16.202.26\/wp-content\/uploads\/2022\/10\/2-768x576.png 768w, http:\/\/172.16.202.26\/wp-content\/uploads\/2022\/10\/2-300x225.png 300w, http:\/\/172.16.202.26\/wp-content\/uploads\/2022\/10\/2.png 940w\" sizes=\"(max-width: 640px) 100vw, 640px\" \/>\t\t\t\t\t\t\t\t\t\t\t\t\t<\/div>\n\t\t\t\t<\/div>\n\t\t\t\t<div class=\"elementor-element elementor-element-7655b9b elementor-widget elementor-widget-heading\" data-id=\"7655b9b\" data-element_type=\"widget\" data-widget_type=\"heading.default\">\n\t\t\t\t<div class=\"elementor-widget-container\">\n\t\t\t<div class=\"elementor-heading-title elementor-size-default\">Authentischer Einblick in die Geschichte von Burg Montecuccolo<\/div>\t\t<\/div>\n\t\t\t\t<\/div>\n\t\t\t\t\t<\/div>\n\t\t<\/div>\n\t\t\t\t\t<\/div>\n\t\t<\/section>\n\t\t\t\t<section class=\"elementor-section elementor-top-section elementor-element elementor-element-5f62f78 elementor-section-boxed elementor-section-height-default elementor-section-height-default\" data-id=\"5f62f78\" data-element_type=\"section\">\n\t\t\t\t\t\t<div class=\"elementor-container elementor-column-gap-default\">\n\t\t\t\t\t<div class=\"elementor-column elementor-col-100 elementor-top-column elementor-element elementor-element-7bcae8c\" data-id=\"7bcae8c\" data-element_type=\"column\">\n\t\t\t<div class=\"elementor-widget-wrap elementor-element-populated\">\n\t\t\t\t\t\t<div class=\"elementor-element elementor-element-876c914 elementor-widget elementor-widget-text-editor\" data-id=\"876c914\" data-element_type=\"widget\" data-widget_type=\"text-editor.default\">\n\t\t\t\t<div class=\"elementor-widget-container\">\n\t\t\t\t\t\t\t<p>Am letzten Schultag der Woche fand ein gro\u00dfer Hack-AI-Thon statt, in welcher 12 international \u00a0durchgemischte Gruppen gegeneinander antraten. Jede Gruppe konnte zwischen 3 Hauptaufgaben w\u00e4hlen und die Umsetzung anschlie\u00dfend sehr frei entscheiden. Abschlie\u00dfend gab es von jeder Gruppe eine spannende Pr\u00e4sentation \u00fcber ihr Projekt und ein Gewinnerteam wurde von der Schule gew\u00e4hlt.<\/p><p>\u00a0<\/p><p>Abschlie\u00dfend ist zu sagen, dass die Reise nach Italien eine wundersch\u00f6ne Erfahrung war, welche wir jedem weiterempfehlen k\u00f6nnen. Wir bekamen einen tollen Einblick in das Leben und in die Kultur der Menschen in Pavullo. So eine Erfahrung ist einmalig und zeigt einem erst, dass es noch vieles hinter seinem eigenen Tellerrand zu entdecken gibt.<\/p><p>\u00a0<\/p><p>Artikel erstellt von: Simon Wewalka &amp; Jacob Sz\u00fccs<\/p>\t\t\t\t\t\t<\/div>\n\t\t\t\t<\/div>\n\t\t\t\t\t<\/div>\n\t\t<\/div>\n\t\t\t\t\t<\/div>\n\t\t<\/section>\n\t\t\t\t<section class=\"elementor-section elementor-top-section elementor-element elementor-element-a3593aa elementor-section-boxed elementor-section-height-default elementor-section-height-default\" data-id=\"a3593aa\" data-element_type=\"section\">\n\t\t\t\t\t\t<div class=\"elementor-container elementor-column-gap-default\">\n\t\t\t\t\t<div class=\"elementor-column elementor-col-100 elementor-top-column elementor-element elementor-element-56b6a2d\" data-id=\"56b6a2d\" data-element_type=\"column\">\n\t\t\t<div class=\"elementor-widget-wrap elementor-element-populated\">\n\t\t\t\t\t\t<div class=\"elementor-element elementor-element-23ac804 elementor-widget elementor-widget-image\" data-id=\"23ac804\" data-element_type=\"widget\" data-widget_type=\"image.default\">\n\t\t\t\t<div class=\"elementor-widget-container\">\n\t\t\t\t\t\t\t\t\t\t\t\t\t<img decoding=\"async\" width=\"640\" height=\"480\" src=\"http:\/\/172.16.202.26\/wp-content\/uploads\/2022\/10\/er1-768x576.png\" class=\"attachment-medium_large size-medium_large wp-image-15221\" alt=\"\" srcset=\"http:\/\/172.16.202.26\/wp-content\/uploads\/2022\/10\/er1-768x576.png 768w, http:\/\/172.16.202.26\/wp-content\/uploads\/2022\/10\/er1-300x225.png 300w, http:\/\/172.16.202.26\/wp-content\/uploads\/2022\/10\/er1.png 940w\" sizes=\"(max-width: 640px) 100vw, 640px\" \/>\t\t\t\t\t\t\t\t\t\t\t\t\t<\/div>\n\t\t\t\t<\/div>\n\t\t\t\t<div class=\"elementor-element elementor-element-a20671c elementor-widget elementor-widget-heading\" data-id=\"a20671c\" data-element_type=\"widget\" data-widget_type=\"heading.default\">\n\t\t\t\t<div class=\"elementor-widget-container\">\n\t\t\t<div class=\"elementor-heading-title elementor-size-default\">Abschlussfoto in Pavullo. Am Bild von links nach rechts:<br><br>Ronny Gr\u00e4ven, Lukas Kerndl, Andreas Proschek, Claudio Wiedenegger, Honeybell Oghogho, Laurin Schieder,<br> Jacob Sz\u00fccs, David Sprenger, Simon Wewalka, Florian K\u00f6nig, Benjamin Popescu, Andreas Maurer und Verena Steiner<br><br>mit den Lehrkr\u00e4ften<br> Lea Pr\u00fcller, Markus Schabel und Stefan Zakall.<\/div>\t\t<\/div>\n\t\t\t\t<\/div>\n\t\t\t\t\t<\/div>\n\t\t<\/div>\n\t\t\t\t\t<\/div>\n\t\t<\/section>\n\t\t\t\t<section class=\"elementor-section elementor-top-section elementor-element elementor-element-89df6d2 elementor-section-boxed elementor-section-height-default elementor-section-height-default\" data-id=\"89df6d2\" data-element_type=\"section\">\n\t\t\t\t\t\t<div class=\"elementor-container elementor-column-gap-default\">\n\t\t\t\t\t<div class=\"elementor-column elementor-col-100 elementor-top-column elementor-element elementor-element-746e12e\" data-id=\"746e12e\" data-element_type=\"column\">\n\t\t\t<div class=\"elementor-widget-wrap elementor-element-populated\">\n\t\t\t\t\t\t<div class=\"elementor-element elementor-element-2ee559a elementor-widget elementor-widget-image\" data-id=\"2ee559a\" data-element_type=\"widget\" data-widget_type=\"image.default\">\n\t\t\t\t<div class=\"elementor-widget-container\">\n\t\t\t\t\t\t\t\t\t\t\t\t\t<img decoding=\"async\" src=\"http:\/\/172.16.202.26\/wp-content\/uploads\/elementor\/thumbs\/11-e1686742300562-q7y6e9xysgm90cdlr24y9kceizpmr61wc3o5zp39pw.png\" title=\"\" alt=\"\" loading=\"lazy\" \/>\t\t\t\t\t\t\t\t\t\t\t\t\t<\/div>\n\t\t\t\t<\/div>\n\t\t\t\t\t<\/div>\n\t\t<\/div>\n\t\t\t\t\t<\/div>\n\t\t<\/section>\n\t\t\t\t<section class=\"elementor-section elementor-top-section elementor-element elementor-element-9267613 elementor-section-boxed elementor-section-height-default elementor-section-height-default\" data-id=\"9267613\" data-element_type=\"section\">\n\t\t\t\t\t\t<div class=\"elementor-container elementor-column-gap-default\">\n\t\t\t\t\t<div class=\"elementor-column elementor-col-100 elementor-top-column elementor-element elementor-element-4a7348f\" data-id=\"4a7348f\" data-element_type=\"column\">\n\t\t\t<div class=\"elementor-widget-wrap elementor-element-populated\">\n\t\t\t\t\t\t<div class=\"elementor-element elementor-element-895d08a elementor-widget elementor-widget-text-editor\" data-id=\"895d08a\" data-element_type=\"widget\" data-widget_type=\"text-editor.default\">\n\t\t\t\t<div class=\"elementor-widget-container\">\n\t\t\t\t\t\t\t<div data-mobiledoc=\"{&quot;version&quot;:&quot;0.3.2&quot;,&quot;atoms&quot;:[],&quot;cards&quot;:[],&quot;markups&quot;:[],&quot;sections&quot;:[[1,&quot;p&quot;,[[0,[],0,&quot;Das Projekt wird gef\u00f6rdert aus den Mitteln der Europ\u00e4ischen Union im Zuge des Erasmus Programms.&quot;]]]]}\"><div><p style=\"text-align: center;\">Dieses Projekt wurde mit Unterst\u00fctzung der Europ\u00e4ischen Kommission finanziert.<\/p><p style=\"text-align: center;\">Die Verantwortung f\u00fcr den Inhalt dieser Ver\u00f6ffentlichung tr\u00e4gt allein der Verfasser;<\/p><p style=\"text-align: center;\">die Kommission haftet nicht f\u00fcr die weitere Verwendung der darin enthaltenen Angaben.<\/p><\/div><\/div>\t\t\t\t\t\t<\/div>\n\t\t\t\t<\/div>\n\t\t\t\t\t<\/div>\n\t\t<\/div>\n\t\t\t\t\t<\/div>\n\t\t<\/section>\n\t\t\t\t<\/div>\n\t\t","protected":false},"excerpt":{"rendered":"<p>Eine Woche ITaly mit Erasmus+<\/p>\n","protected":false},"author":3,"featured_media":15221,"comment_status":"closed","ping_status":"closed","sticky":false,"template":"elementor_header_footer","format":"standard","meta":[],"categories":[22],"tags":[71],"_links":{"self":[{"href":"http:\/\/172.16.202.26\/index.php?rest_route=\/wp\/v2\/posts\/15218"}],"collection":[{"href":"http:\/\/172.16.202.26\/index.php?rest_route=\/wp\/v2\/posts"}],"about":[{"href":"http:\/\/172.16.202.26\/index.php?rest_route=\/wp\/v2\/types\/post"}],"author":[{"embeddable":true,"href":"http:\/\/172.16.202.26\/index.php?rest_route=\/wp\/v2\/users\/3"}],"replies":[{"embeddable":true,"href":"http:\/\/172.16.202.26\/index.php?rest_route=%2Fwp%2Fv2%2Fcomments&post=15218"}],"version-history":[{"count":20,"href":"http:\/\/172.16.202.26\/index.php?rest_route=\/wp\/v2\/posts\/15218\/revisions"}],"predecessor-version":[{"id":15464,"href":"http:\/\/172.16.202.26\/index.php?rest_route=\/wp\/v2\/posts\/15218\/revisions\/15464"}],"wp:featuredmedia":[{"embeddable":true,"href":"http:\/\/172.16.202.26\/index.php?rest_route=\/wp\/v2\/media\/15221"}],"wp:attachment":[{"href":"http:\/\/172.16.202.26\/index.php?rest_route=%2Fwp%2Fv2%2Fmedia&parent=15218"}],"wp:term":[{"taxonomy":"category","embeddable":true,"href":"http:\/\/172.16.202.26\/index.php?rest_route=%2Fwp%2Fv2%2Fcategories&post=15218"},{"taxonomy":"post_tag","embeddable":true,"href":"http:\/\/172.16.202.26\/index.php?rest_route=%2Fwp%2Fv2%2Ftags&post=15218"}],"curies":[{"name":"wp","href":"https:\/\/api.w.org\/{rel}","templated":true}]}}