{"id":16790,"date":"2023-02-17T09:42:13","date_gmt":"2023-02-17T08:42:13","guid":{"rendered":"https:\/\/www.tgm.ac.at\/?p=16790"},"modified":"2023-09-01T19:44:05","modified_gmt":"2023-09-01T17:44:05","slug":"verabschiedung-von-direktor-karl-reischer","status":"publish","type":"post","link":"http:\/\/172.16.202.26\/?p=16790","title":{"rendered":"Verabschiedung von Direktor Karl Reischer"},"content":{"rendered":"\t\t<div data-elementor-type=\"wp-post\" data-elementor-id=\"16790\" class=\"elementor elementor-16790\">\n\t\t\t\t\t\t<section class=\"elementor-section elementor-top-section elementor-element elementor-element-b98a09c elementor-section-boxed elementor-section-height-default elementor-section-height-default\" data-id=\"b98a09c\" data-element_type=\"section\">\n\t\t\t\t\t\t<div class=\"elementor-container elementor-column-gap-default\">\n\t\t\t\t\t<div class=\"elementor-column elementor-col-100 elementor-top-column elementor-element elementor-element-9868e6d\" data-id=\"9868e6d\" data-element_type=\"column\">\n\t\t\t<div class=\"elementor-widget-wrap elementor-element-populated\">\n\t\t\t\t\t\t<div class=\"elementor-element elementor-element-b6cd365 elementor-widget-tablet__width-initial elementor-widget elementor-widget-text-editor\" data-id=\"b6cd365\" data-element_type=\"widget\" data-widget_type=\"text-editor.default\">\n\t\t\t\t<div class=\"elementor-widget-container\">\n\t\t\t<style>\/*! elementor - v3.20.0 - 13-03-2024 *\/\n.elementor-widget-text-editor.elementor-drop-cap-view-stacked .elementor-drop-cap{background-color:#69727d;color:#fff}.elementor-widget-text-editor.elementor-drop-cap-view-framed .elementor-drop-cap{color:#69727d;border:3px solid;background-color:transparent}.elementor-widget-text-editor:not(.elementor-drop-cap-view-default) .elementor-drop-cap{margin-top:8px}.elementor-widget-text-editor:not(.elementor-drop-cap-view-default) .elementor-drop-cap-letter{width:1em;height:1em}.elementor-widget-text-editor .elementor-drop-cap{float:left;text-align:center;line-height:1;font-size:50px}.elementor-widget-text-editor .elementor-drop-cap-letter{display:inline-block}<\/style>\t\t\t\t<p style=\"text-align: center;\">17.2.2022<\/p>\t\t\t\t\t\t<\/div>\n\t\t\t\t<\/div>\n\t\t\t\t\t<\/div>\n\t\t<\/div>\n\t\t\t\t\t<\/div>\n\t\t<\/section>\n\t\t\t\t<section class=\"elementor-section elementor-top-section elementor-element elementor-element-7483ee7 elementor-section-boxed elementor-section-height-default elementor-section-height-default\" data-id=\"7483ee7\" data-element_type=\"section\">\n\t\t\t\t\t\t<div class=\"elementor-container elementor-column-gap-default\">\n\t\t\t\t\t<div class=\"elementor-column elementor-col-100 elementor-top-column elementor-element elementor-element-68753d9\" data-id=\"68753d9\" data-element_type=\"column\">\n\t\t\t<div class=\"elementor-widget-wrap elementor-element-populated\">\n\t\t\t\t\t\t<div class=\"elementor-element elementor-element-f087499 elementor-widget-tablet__width-initial elementor-widget elementor-widget-heading\" data-id=\"f087499\" data-element_type=\"widget\" data-widget_type=\"heading.default\">\n\t\t\t\t<div class=\"elementor-widget-container\">\n\t\t\t<style>\/*! elementor - v3.20.0 - 13-03-2024 *\/\n.elementor-heading-title{padding:0;margin:0;line-height:1}.elementor-widget-heading .elementor-heading-title[class*=elementor-size-]>a{color:inherit;font-size:inherit;line-height:inherit}.elementor-widget-heading .elementor-heading-title.elementor-size-small{font-size:15px}.elementor-widget-heading .elementor-heading-title.elementor-size-medium{font-size:19px}.elementor-widget-heading .elementor-heading-title.elementor-size-large{font-size:29px}.elementor-widget-heading .elementor-heading-title.elementor-size-xl{font-size:39px}.elementor-widget-heading .elementor-heading-title.elementor-size-xxl{font-size:59px}<\/style><h2 class=\"elementor-heading-title elementor-size-default\">Verabschiedung von Direktor DI Karl Reischer <\/h2>\t\t<\/div>\n\t\t\t\t<\/div>\n\t\t\t\t\t<\/div>\n\t\t<\/div>\n\t\t\t\t\t<\/div>\n\t\t<\/section>\n\t\t\t\t<section class=\"elementor-section elementor-top-section elementor-element elementor-element-142d14ec elementor-section-boxed elementor-section-height-default elementor-section-height-default\" data-id=\"142d14ec\" data-element_type=\"section\">\n\t\t\t\t\t\t<div class=\"elementor-container elementor-column-gap-default\">\n\t\t\t\t\t<div class=\"elementor-column elementor-col-100 elementor-top-column elementor-element elementor-element-3681139e\" data-id=\"3681139e\" data-element_type=\"column\">\n\t\t\t<div class=\"elementor-widget-wrap elementor-element-populated\">\n\t\t\t\t\t\t<div class=\"elementor-element elementor-element-77998c9e elementor-widget elementor-widget-text-editor\" data-id=\"77998c9e\" data-element_type=\"widget\" data-widget_type=\"text-editor.default\">\n\t\t\t\t<div class=\"elementor-widget-container\">\n\t\t\t\t\t\t\t<p>Das TGM verabschiedete am 19. Dezember 2022 Direktor Karl Reischer im Rahmen eines festlichen Abends.<br \/>Eine geb\u00fchrende Feier zur W\u00fcrdigung des Direktors vor dem Hintergrund der Ereignisse im September 2018 zu gestalten, war allen ein Anliegen und das ist auch sehr gut gelungen. Schon die vielen positiven R\u00fcckmeldungen auf die Einladung lie\u00dfen die Freude \u00fcber die Feier erkennen, so Abteilungsvorstand Bernhard Wess.<\/p><p>\u00a0<\/p><p>Am Montag, dem 19. Dezember 2022, fanden sich viele Pensionistinnen und Pensionisten sowie aktive Mitarbeiterinnen und Mitarbeiter im Exnersaal zu einem feierlichen und geselligen Abend mit Direktor Karl Reischer ein.<\/p><p>\u00a0<\/p><p>Abteilungsvorstand Bernhard Wess als Vertreter der Direktion, Kollege Michael Graf als Vertreter des Schulgemeinschaftsausschusses und der Personalvertretungen sowie Kollege Norbert Pay im Namen des Verbands der Technologinnen und Technologen w\u00fcrdigten das Wirken und den Einsatz des ehemaligen Direktors DI Karl Reischer.<\/p>\t\t\t\t\t\t<\/div>\n\t\t\t\t<\/div>\n\t\t\t\t\t<\/div>\n\t\t<\/div>\n\t\t\t\t\t<\/div>\n\t\t<\/section>\n\t\t\t\t<section class=\"elementor-section elementor-top-section elementor-element elementor-element-ae4e74a elementor-section-boxed elementor-section-height-default elementor-section-height-default\" data-id=\"ae4e74a\" data-element_type=\"section\">\n\t\t\t\t\t\t<div class=\"elementor-container elementor-column-gap-default\">\n\t\t\t\t\t<div class=\"elementor-column elementor-col-50 elementor-top-column elementor-element elementor-element-fccb716\" data-id=\"fccb716\" data-element_type=\"column\">\n\t\t\t<div class=\"elementor-widget-wrap elementor-element-populated\">\n\t\t\t\t\t\t<div class=\"elementor-element elementor-element-03e1a0d elementor-widget elementor-widget-image\" data-id=\"03e1a0d\" data-element_type=\"widget\" data-widget_type=\"image.default\">\n\t\t\t\t<div class=\"elementor-widget-container\">\n\t\t\t<style>\/*! elementor - v3.20.0 - 13-03-2024 *\/\n.elementor-widget-image{text-align:center}.elementor-widget-image a{display:inline-block}.elementor-widget-image a img[src$=\".svg\"]{width:48px}.elementor-widget-image img{vertical-align:middle;display:inline-block}<\/style>\t\t\t\t\t\t\t\t\t\t<img fetchpriority=\"high\" decoding=\"async\" width=\"640\" height=\"427\" src=\"http:\/\/172.16.202.26\/wp-content\/uploads\/2023\/02\/1-1024x683.jpg\" class=\"attachment-large size-large wp-image-16792\" alt=\"\" srcset=\"http:\/\/172.16.202.26\/wp-content\/uploads\/2023\/02\/1-1024x683.jpg 1024w, http:\/\/172.16.202.26\/wp-content\/uploads\/2023\/02\/1-300x200.jpg 300w, http:\/\/172.16.202.26\/wp-content\/uploads\/2023\/02\/1-768x512.jpg 768w, http:\/\/172.16.202.26\/wp-content\/uploads\/2023\/02\/1-600x400.jpg 600w, http:\/\/172.16.202.26\/wp-content\/uploads\/2023\/02\/1.jpg 1200w\" sizes=\"(max-width: 640px) 100vw, 640px\" \/>\t\t\t\t\t\t\t\t\t\t\t\t\t<\/div>\n\t\t\t\t<\/div>\n\t\t\t\t<div class=\"elementor-element elementor-element-1bea811 elementor-widget elementor-widget-heading\" data-id=\"1bea811\" data-element_type=\"widget\" data-widget_type=\"heading.default\">\n\t\t\t\t<div class=\"elementor-widget-container\">\n\t\t\t<div class=\"elementor-heading-title elementor-size-default\">Abteilungsvorstand Bernhard Wess f\u00fchrte durch den Abend<\/div>\t\t<\/div>\n\t\t\t\t<\/div>\n\t\t\t\t\t<\/div>\n\t\t<\/div>\n\t\t\t\t<div class=\"elementor-column elementor-col-50 elementor-top-column elementor-element elementor-element-f2170f1\" data-id=\"f2170f1\" data-element_type=\"column\">\n\t\t\t<div class=\"elementor-widget-wrap elementor-element-populated\">\n\t\t\t\t\t\t<div class=\"elementor-element elementor-element-aa65e87 elementor-widget elementor-widget-image\" data-id=\"aa65e87\" data-element_type=\"widget\" data-widget_type=\"image.default\">\n\t\t\t\t<div class=\"elementor-widget-container\">\n\t\t\t\t\t\t\t\t\t\t\t\t\t<img decoding=\"async\" width=\"640\" height=\"427\" src=\"http:\/\/172.16.202.26\/wp-content\/uploads\/2023\/02\/2-1024x683.jpg\" class=\"attachment-large size-large wp-image-16793\" alt=\"\" srcset=\"http:\/\/172.16.202.26\/wp-content\/uploads\/2023\/02\/2-1024x683.jpg 1024w, http:\/\/172.16.202.26\/wp-content\/uploads\/2023\/02\/2-300x200.jpg 300w, http:\/\/172.16.202.26\/wp-content\/uploads\/2023\/02\/2-768x512.jpg 768w, http:\/\/172.16.202.26\/wp-content\/uploads\/2023\/02\/2-600x400.jpg 600w, http:\/\/172.16.202.26\/wp-content\/uploads\/2023\/02\/2.jpg 1200w\" sizes=\"(max-width: 640px) 100vw, 640px\" \/>\t\t\t\t\t\t\t\t\t\t\t\t\t<\/div>\n\t\t\t\t<\/div>\n\t\t\t\t<div class=\"elementor-element elementor-element-ceb090d elementor-widget elementor-widget-heading\" data-id=\"ceb090d\" data-element_type=\"widget\" data-widget_type=\"heading.default\">\n\t\t\t\t<div class=\"elementor-widget-container\">\n\t\t\t<div class=\"elementor-heading-title elementor-size-default\">und verlieh dem TGM-Logo eine neue Bedeutung: \u201eTeamgeist \u2013 Gelassenheit \u2013 Motivation\u201c<\/div>\t\t<\/div>\n\t\t\t\t<\/div>\n\t\t\t\t\t<\/div>\n\t\t<\/div>\n\t\t\t\t\t<\/div>\n\t\t<\/section>\n\t\t\t\t<section class=\"elementor-section elementor-top-section elementor-element elementor-element-fcf21f2 elementor-section-boxed elementor-section-height-default elementor-section-height-default\" data-id=\"fcf21f2\" data-element_type=\"section\">\n\t\t\t\t\t\t<div class=\"elementor-container elementor-column-gap-default\">\n\t\t\t\t\t<div class=\"elementor-column elementor-col-50 elementor-top-column elementor-element elementor-element-ada0072\" data-id=\"ada0072\" data-element_type=\"column\">\n\t\t\t<div class=\"elementor-widget-wrap elementor-element-populated\">\n\t\t\t\t\t\t<div class=\"elementor-element elementor-element-c882633 elementor-widget elementor-widget-image\" data-id=\"c882633\" data-element_type=\"widget\" data-widget_type=\"image.default\">\n\t\t\t\t<div class=\"elementor-widget-container\">\n\t\t\t\t\t\t\t\t\t\t\t\t\t<img decoding=\"async\" width=\"640\" height=\"427\" src=\"http:\/\/172.16.202.26\/wp-content\/uploads\/2023\/02\/3-1024x683.jpg\" class=\"attachment-large size-large wp-image-16794\" alt=\"\" srcset=\"http:\/\/172.16.202.26\/wp-content\/uploads\/2023\/02\/3-1024x683.jpg 1024w, http:\/\/172.16.202.26\/wp-content\/uploads\/2023\/02\/3-300x200.jpg 300w, http:\/\/172.16.202.26\/wp-content\/uploads\/2023\/02\/3-768x512.jpg 768w, http:\/\/172.16.202.26\/wp-content\/uploads\/2023\/02\/3-600x400.jpg 600w, http:\/\/172.16.202.26\/wp-content\/uploads\/2023\/02\/3.jpg 1200w\" sizes=\"(max-width: 640px) 100vw, 640px\" \/>\t\t\t\t\t\t\t\t\t\t\t\t\t<\/div>\n\t\t\t\t<\/div>\n\t\t\t\t<div class=\"elementor-element elementor-element-950d777 elementor-widget elementor-widget-heading\" data-id=\"950d777\" data-element_type=\"widget\" data-widget_type=\"heading.default\">\n\t\t\t\t<div class=\"elementor-widget-container\">\n\t\t\t<div class=\"elementor-heading-title elementor-size-default\">ehemalige und aktive Mitarbeiterinnen und Mitarbeiter als G\u00e4ste<\/div>\t\t<\/div>\n\t\t\t\t<\/div>\n\t\t\t\t\t<\/div>\n\t\t<\/div>\n\t\t\t\t<div class=\"elementor-column elementor-col-50 elementor-top-column elementor-element elementor-element-b424e3a\" data-id=\"b424e3a\" data-element_type=\"column\">\n\t\t\t<div class=\"elementor-widget-wrap elementor-element-populated\">\n\t\t\t\t\t\t<div class=\"elementor-element elementor-element-9b767fc elementor-widget elementor-widget-image\" data-id=\"9b767fc\" data-element_type=\"widget\" data-widget_type=\"image.default\">\n\t\t\t\t<div class=\"elementor-widget-container\">\n\t\t\t\t\t\t\t\t\t\t\t\t\t<img loading=\"lazy\" decoding=\"async\" width=\"640\" height=\"427\" src=\"http:\/\/172.16.202.26\/wp-content\/uploads\/2023\/02\/4-1024x683.jpg\" class=\"attachment-large size-large wp-image-16795\" alt=\"\" srcset=\"http:\/\/172.16.202.26\/wp-content\/uploads\/2023\/02\/4-1024x683.jpg 1024w, http:\/\/172.16.202.26\/wp-content\/uploads\/2023\/02\/4-300x200.jpg 300w, http:\/\/172.16.202.26\/wp-content\/uploads\/2023\/02\/4-768x512.jpg 768w, http:\/\/172.16.202.26\/wp-content\/uploads\/2023\/02\/4-600x400.jpg 600w, http:\/\/172.16.202.26\/wp-content\/uploads\/2023\/02\/4.jpg 1200w\" sizes=\"(max-width: 640px) 100vw, 640px\" \/>\t\t\t\t\t\t\t\t\t\t\t\t\t<\/div>\n\t\t\t\t<\/div>\n\t\t\t\t\t<\/div>\n\t\t<\/div>\n\t\t\t\t\t<\/div>\n\t\t<\/section>\n\t\t\t\t<section class=\"elementor-section elementor-top-section elementor-element elementor-element-8e84636 elementor-section-boxed elementor-section-height-default elementor-section-height-default\" data-id=\"8e84636\" data-element_type=\"section\">\n\t\t\t\t\t\t<div class=\"elementor-container elementor-column-gap-default\">\n\t\t\t\t\t<div class=\"elementor-column elementor-col-100 elementor-top-column elementor-element elementor-element-7f194d9\" data-id=\"7f194d9\" data-element_type=\"column\">\n\t\t\t<div class=\"elementor-widget-wrap elementor-element-populated\">\n\t\t\t\t\t\t<div class=\"elementor-element elementor-element-1f8057d elementor-widget elementor-widget-text-editor\" data-id=\"1f8057d\" data-element_type=\"widget\" data-widget_type=\"text-editor.default\">\n\t\t\t\t<div class=\"elementor-widget-container\">\n\t\t\t\t\t\t\t<p>Wie alle Redner hob auch Berhard Wess die wertsch\u00e4tzende und umsichtige Leitung hervor. Direktor Karl Reischer habe mit seinem kooperativen F\u00fchrungsstil immer ein offenes Ohr gehabt und seine Mitarbeiterinnen und Mitarbeiter mit Geduld und Gelassenheit und vor allem durch Motivation gef\u00fchrt und das Beste f\u00fcr das tgm im Blick behalten. Abteilungsvorstand Wess zeigte sich erfreut dar\u00fcber, dass sich letztlich alle gegen Direktor Reischer erhobenen Vorw\u00fcrfe als haltlos herausstellten und wies auf die Leistungen des ehemaligen Schulleiters hin.<\/p>\t\t\t\t\t\t<\/div>\n\t\t\t\t<\/div>\n\t\t\t\t\t<\/div>\n\t\t<\/div>\n\t\t\t\t\t<\/div>\n\t\t<\/section>\n\t\t\t\t<section class=\"elementor-section elementor-top-section elementor-element elementor-element-1a9dd90 elementor-section-boxed elementor-section-height-default elementor-section-height-default\" data-id=\"1a9dd90\" data-element_type=\"section\">\n\t\t\t\t\t\t<div class=\"elementor-container elementor-column-gap-default\">\n\t\t\t\t\t<div class=\"elementor-column elementor-col-50 elementor-top-column elementor-element elementor-element-17cf605\" data-id=\"17cf605\" data-element_type=\"column\">\n\t\t\t<div class=\"elementor-widget-wrap elementor-element-populated\">\n\t\t\t\t\t\t<div class=\"elementor-element elementor-element-c5cf059 elementor-widget elementor-widget-image\" data-id=\"c5cf059\" data-element_type=\"widget\" data-widget_type=\"image.default\">\n\t\t\t\t<div class=\"elementor-widget-container\">\n\t\t\t\t\t\t\t\t\t\t\t\t\t<img loading=\"lazy\" decoding=\"async\" width=\"640\" height=\"427\" src=\"http:\/\/172.16.202.26\/wp-content\/uploads\/2023\/02\/5-1024x683.jpg\" class=\"attachment-large size-large wp-image-16796\" alt=\"\" srcset=\"http:\/\/172.16.202.26\/wp-content\/uploads\/2023\/02\/5-1024x683.jpg 1024w, http:\/\/172.16.202.26\/wp-content\/uploads\/2023\/02\/5-300x200.jpg 300w, http:\/\/172.16.202.26\/wp-content\/uploads\/2023\/02\/5-768x512.jpg 768w, http:\/\/172.16.202.26\/wp-content\/uploads\/2023\/02\/5-600x400.jpg 600w, http:\/\/172.16.202.26\/wp-content\/uploads\/2023\/02\/5.jpg 1200w\" sizes=\"(max-width: 640px) 100vw, 640px\" \/>\t\t\t\t\t\t\t\t\t\t\t\t\t<\/div>\n\t\t\t\t<\/div>\n\t\t\t\t<div class=\"elementor-element elementor-element-15f5b18 elementor-widget elementor-widget-heading\" data-id=\"15f5b18\" data-element_type=\"widget\" data-widget_type=\"heading.default\">\n\t\t\t\t<div class=\"elementor-widget-container\">\n\t\t\t<div class=\"elementor-heading-title elementor-size-default\">Michael Graf bei seiner Ansprache f\u00fcr Karl Reischer<\/div>\t\t<\/div>\n\t\t\t\t<\/div>\n\t\t\t\t\t<\/div>\n\t\t<\/div>\n\t\t\t\t<div class=\"elementor-column elementor-col-50 elementor-top-column elementor-element elementor-element-9cdbec9\" data-id=\"9cdbec9\" data-element_type=\"column\">\n\t\t\t<div class=\"elementor-widget-wrap elementor-element-populated\">\n\t\t\t\t\t\t<div class=\"elementor-element elementor-element-a3c1c05 elementor-widget elementor-widget-image\" data-id=\"a3c1c05\" data-element_type=\"widget\" data-widget_type=\"image.default\">\n\t\t\t\t<div class=\"elementor-widget-container\">\n\t\t\t\t\t\t\t\t\t\t\t\t\t<img loading=\"lazy\" decoding=\"async\" width=\"640\" height=\"427\" src=\"http:\/\/172.16.202.26\/wp-content\/uploads\/2023\/02\/6-1024x683.jpg\" class=\"attachment-large size-large wp-image-16797\" alt=\"\" srcset=\"http:\/\/172.16.202.26\/wp-content\/uploads\/2023\/02\/6-1024x683.jpg 1024w, http:\/\/172.16.202.26\/wp-content\/uploads\/2023\/02\/6-300x200.jpg 300w, http:\/\/172.16.202.26\/wp-content\/uploads\/2023\/02\/6-768x512.jpg 768w, http:\/\/172.16.202.26\/wp-content\/uploads\/2023\/02\/6-600x400.jpg 600w, http:\/\/172.16.202.26\/wp-content\/uploads\/2023\/02\/6.jpg 1200w\" sizes=\"(max-width: 640px) 100vw, 640px\" \/>\t\t\t\t\t\t\t\t\t\t\t\t\t<\/div>\n\t\t\t\t<\/div>\n\t\t\t\t\t<\/div>\n\t\t<\/div>\n\t\t\t\t\t<\/div>\n\t\t<\/section>\n\t\t\t\t<section class=\"elementor-section elementor-top-section elementor-element elementor-element-4262290 elementor-section-boxed elementor-section-height-default elementor-section-height-default\" data-id=\"4262290\" data-element_type=\"section\">\n\t\t\t\t\t\t<div class=\"elementor-container elementor-column-gap-default\">\n\t\t\t\t\t<div class=\"elementor-column elementor-col-50 elementor-top-column elementor-element elementor-element-2057af2\" data-id=\"2057af2\" data-element_type=\"column\">\n\t\t\t<div class=\"elementor-widget-wrap elementor-element-populated\">\n\t\t\t\t\t\t<div class=\"elementor-element elementor-element-9a8e01f elementor-widget elementor-widget-image\" data-id=\"9a8e01f\" data-element_type=\"widget\" data-widget_type=\"image.default\">\n\t\t\t\t<div class=\"elementor-widget-container\">\n\t\t\t\t\t\t\t\t\t\t\t\t\t<img loading=\"lazy\" decoding=\"async\" width=\"640\" height=\"427\" src=\"http:\/\/172.16.202.26\/wp-content\/uploads\/2023\/02\/7-1024x683.jpg\" class=\"attachment-large size-large wp-image-16798\" alt=\"\" srcset=\"http:\/\/172.16.202.26\/wp-content\/uploads\/2023\/02\/7-1024x683.jpg 1024w, http:\/\/172.16.202.26\/wp-content\/uploads\/2023\/02\/7-300x200.jpg 300w, http:\/\/172.16.202.26\/wp-content\/uploads\/2023\/02\/7-768x512.jpg 768w, http:\/\/172.16.202.26\/wp-content\/uploads\/2023\/02\/7-600x400.jpg 600w, http:\/\/172.16.202.26\/wp-content\/uploads\/2023\/02\/7.jpg 1200w\" sizes=\"(max-width: 640px) 100vw, 640px\" \/>\t\t\t\t\t\t\t\t\t\t\t\t\t<\/div>\n\t\t\t\t<\/div>\n\t\t\t\t<div class=\"elementor-element elementor-element-5a2547c elementor-widget elementor-widget-heading\" data-id=\"5a2547c\" data-element_type=\"widget\" data-widget_type=\"heading.default\">\n\t\t\t\t<div class=\"elementor-widget-container\">\n\t\t\t<div class=\"elementor-heading-title elementor-size-default\">ebenso wie Norbert Pay<\/div>\t\t<\/div>\n\t\t\t\t<\/div>\n\t\t\t\t\t<\/div>\n\t\t<\/div>\n\t\t\t\t<div class=\"elementor-column elementor-col-50 elementor-top-column elementor-element elementor-element-be1990f\" data-id=\"be1990f\" data-element_type=\"column\">\n\t\t\t<div class=\"elementor-widget-wrap elementor-element-populated\">\n\t\t\t\t\t\t<div class=\"elementor-element elementor-element-ab13169 elementor-widget elementor-widget-image\" data-id=\"ab13169\" data-element_type=\"widget\" data-widget_type=\"image.default\">\n\t\t\t\t<div class=\"elementor-widget-container\">\n\t\t\t\t\t\t\t\t\t\t\t\t\t<img loading=\"lazy\" decoding=\"async\" width=\"640\" height=\"427\" src=\"http:\/\/172.16.202.26\/wp-content\/uploads\/2023\/02\/8-1024x683.jpg\" class=\"attachment-large size-large wp-image-16799\" alt=\"\" srcset=\"http:\/\/172.16.202.26\/wp-content\/uploads\/2023\/02\/8-1024x683.jpg 1024w, http:\/\/172.16.202.26\/wp-content\/uploads\/2023\/02\/8-300x200.jpg 300w, http:\/\/172.16.202.26\/wp-content\/uploads\/2023\/02\/8-768x512.jpg 768w, http:\/\/172.16.202.26\/wp-content\/uploads\/2023\/02\/8-600x400.jpg 600w, http:\/\/172.16.202.26\/wp-content\/uploads\/2023\/02\/8.jpg 1200w\" sizes=\"(max-width: 640px) 100vw, 640px\" \/>\t\t\t\t\t\t\t\t\t\t\t\t\t<\/div>\n\t\t\t\t<\/div>\n\t\t\t\t\t<\/div>\n\t\t<\/div>\n\t\t\t\t\t<\/div>\n\t\t<\/section>\n\t\t\t\t<section class=\"elementor-section elementor-top-section elementor-element elementor-element-390ba63 elementor-section-boxed elementor-section-height-default elementor-section-height-default\" data-id=\"390ba63\" data-element_type=\"section\">\n\t\t\t\t\t\t<div class=\"elementor-container elementor-column-gap-default\">\n\t\t\t\t\t<div class=\"elementor-column elementor-col-100 elementor-top-column elementor-element elementor-element-ce51af7\" data-id=\"ce51af7\" data-element_type=\"column\">\n\t\t\t<div class=\"elementor-widget-wrap elementor-element-populated\">\n\t\t\t\t\t\t<div class=\"elementor-element elementor-element-fb6c381 elementor-widget elementor-widget-text-editor\" data-id=\"fb6c381\" data-element_type=\"widget\" data-widget_type=\"text-editor.default\">\n\t\t\t\t<div class=\"elementor-widget-container\">\n\t\t\t\t\t\t\t<p>Auch wenn die Voraussetzungen nicht immer einfach waren, wie auch Kollege Michael Graf in seinem Statement festhielt, habe man \u2013 gem\u00e4\u00df dem Kleinen Prinzen und dem Fuchs \u2013 zu vertrauensvoller Zusammenarbeit gefunden. Kollege Graf erinnerte an die 16-j\u00e4hrige Zusammenarbeit, an die 100 SGA-Sitzungen, 32 Kuratoriumssitzungen sowie 64 Elternvereinssitzungen \u2013 an die 700 Stunden sollen es so insgesamt gewesen sein \u2013, die von gegenseitigem Respekt getragen waren. Norbert Pay bedankte sich f\u00fcr die konstruktive Zusammenarbeit und die pers\u00f6nliche Verbundenheit.<\/p><p><br \/>Aus den Worten von Direktor Reischer sprach einerseits die Dankbarkeit f\u00fcr diese Verbundenheit und andererseits auch die Erleichterung, dass alle Anschuldigungen sich als haltlos herausgestellt haben und er nun gelassen den neuen Lebensabschnitt antreten k\u00f6nne.<\/p>\t\t\t\t\t\t<\/div>\n\t\t\t\t<\/div>\n\t\t\t\t\t<\/div>\n\t\t<\/div>\n\t\t\t\t\t<\/div>\n\t\t<\/section>\n\t\t\t\t<section class=\"elementor-section elementor-top-section elementor-element elementor-element-95c39dc elementor-section-boxed elementor-section-height-default elementor-section-height-default\" data-id=\"95c39dc\" data-element_type=\"section\">\n\t\t\t\t\t\t<div class=\"elementor-container elementor-column-gap-default\">\n\t\t\t\t\t<div class=\"elementor-column elementor-col-50 elementor-top-column elementor-element elementor-element-876dad0\" data-id=\"876dad0\" data-element_type=\"column\">\n\t\t\t<div class=\"elementor-widget-wrap elementor-element-populated\">\n\t\t\t\t\t\t<div class=\"elementor-element elementor-element-3fa1a05 elementor-widget elementor-widget-image\" data-id=\"3fa1a05\" data-element_type=\"widget\" data-widget_type=\"image.default\">\n\t\t\t\t<div class=\"elementor-widget-container\">\n\t\t\t\t\t\t\t\t\t\t\t\t\t<img loading=\"lazy\" decoding=\"async\" width=\"640\" height=\"427\" src=\"http:\/\/172.16.202.26\/wp-content\/uploads\/2023\/02\/9-1024x683.jpg\" class=\"attachment-large size-large wp-image-16800\" alt=\"\" srcset=\"http:\/\/172.16.202.26\/wp-content\/uploads\/2023\/02\/9-1024x683.jpg 1024w, http:\/\/172.16.202.26\/wp-content\/uploads\/2023\/02\/9-300x200.jpg 300w, http:\/\/172.16.202.26\/wp-content\/uploads\/2023\/02\/9-768x512.jpg 768w, http:\/\/172.16.202.26\/wp-content\/uploads\/2023\/02\/9-600x400.jpg 600w, http:\/\/172.16.202.26\/wp-content\/uploads\/2023\/02\/9.jpg 1200w\" sizes=\"(max-width: 640px) 100vw, 640px\" \/>\t\t\t\t\t\t\t\t\t\t\t\t\t<\/div>\n\t\t\t\t<\/div>\n\t\t\t\t<div class=\"elementor-element elementor-element-8846b46 elementor-widget elementor-widget-heading\" data-id=\"8846b46\" data-element_type=\"widget\" data-widget_type=\"heading.default\">\n\t\t\t\t<div class=\"elementor-widget-container\">\n\t\t\t<div class=\"elementor-heading-title elementor-size-default\">Direktor Reischer bei seiner Ansprache an die G\u00e4ste<\/div>\t\t<\/div>\n\t\t\t\t<\/div>\n\t\t\t\t\t<\/div>\n\t\t<\/div>\n\t\t\t\t<div class=\"elementor-column elementor-col-50 elementor-top-column elementor-element elementor-element-0db29f7\" data-id=\"0db29f7\" data-element_type=\"column\">\n\t\t\t<div class=\"elementor-widget-wrap elementor-element-populated\">\n\t\t\t\t\t\t<div class=\"elementor-element elementor-element-f9cf34f elementor-widget elementor-widget-image\" data-id=\"f9cf34f\" data-element_type=\"widget\" data-widget_type=\"image.default\">\n\t\t\t\t<div class=\"elementor-widget-container\">\n\t\t\t\t\t\t\t\t\t\t\t\t\t<img loading=\"lazy\" decoding=\"async\" width=\"640\" height=\"427\" src=\"http:\/\/172.16.202.26\/wp-content\/uploads\/2023\/02\/10-1024x683.jpg\" class=\"attachment-large size-large wp-image-16801\" alt=\"\" srcset=\"http:\/\/172.16.202.26\/wp-content\/uploads\/2023\/02\/10-1024x683.jpg 1024w, http:\/\/172.16.202.26\/wp-content\/uploads\/2023\/02\/10-300x200.jpg 300w, http:\/\/172.16.202.26\/wp-content\/uploads\/2023\/02\/10-768x512.jpg 768w, http:\/\/172.16.202.26\/wp-content\/uploads\/2023\/02\/10-600x400.jpg 600w, http:\/\/172.16.202.26\/wp-content\/uploads\/2023\/02\/10.jpg 1200w\" sizes=\"(max-width: 640px) 100vw, 640px\" \/>\t\t\t\t\t\t\t\t\t\t\t\t\t<\/div>\n\t\t\t\t<\/div>\n\t\t\t\t\t<\/div>\n\t\t<\/div>\n\t\t\t\t\t<\/div>\n\t\t<\/section>\n\t\t\t\t<section class=\"elementor-section elementor-top-section elementor-element elementor-element-a802163 elementor-section-boxed elementor-section-height-default elementor-section-height-default\" data-id=\"a802163\" data-element_type=\"section\">\n\t\t\t\t\t\t<div class=\"elementor-container elementor-column-gap-default\">\n\t\t\t\t\t<div class=\"elementor-column elementor-col-50 elementor-top-column elementor-element elementor-element-a61def8\" data-id=\"a61def8\" data-element_type=\"column\">\n\t\t\t<div class=\"elementor-widget-wrap elementor-element-populated\">\n\t\t\t\t\t\t<div class=\"elementor-element elementor-element-e7b69fd elementor-widget elementor-widget-image\" data-id=\"e7b69fd\" data-element_type=\"widget\" data-widget_type=\"image.default\">\n\t\t\t\t<div class=\"elementor-widget-container\">\n\t\t\t\t\t\t\t\t\t\t\t\t\t<img loading=\"lazy\" decoding=\"async\" width=\"640\" height=\"427\" src=\"http:\/\/172.16.202.26\/wp-content\/uploads\/2023\/02\/11-1024x683.jpg\" class=\"attachment-large size-large wp-image-16802\" alt=\"\" srcset=\"http:\/\/172.16.202.26\/wp-content\/uploads\/2023\/02\/11-1024x683.jpg 1024w, http:\/\/172.16.202.26\/wp-content\/uploads\/2023\/02\/11-300x200.jpg 300w, http:\/\/172.16.202.26\/wp-content\/uploads\/2023\/02\/11-768x512.jpg 768w, http:\/\/172.16.202.26\/wp-content\/uploads\/2023\/02\/11-600x400.jpg 600w, http:\/\/172.16.202.26\/wp-content\/uploads\/2023\/02\/11.jpg 1200w\" sizes=\"(max-width: 640px) 100vw, 640px\" \/>\t\t\t\t\t\t\t\t\t\t\t\t\t<\/div>\n\t\t\t\t<\/div>\n\t\t\t\t<div class=\"elementor-element elementor-element-5dad3e3 elementor-widget elementor-widget-heading\" data-id=\"5dad3e3\" data-element_type=\"widget\" data-widget_type=\"heading.default\">\n\t\t\t\t<div class=\"elementor-widget-container\">\n\t\t\t<div class=\"elementor-heading-title elementor-size-default\">und mit Abteilungsvorstand Wess<\/div>\t\t<\/div>\n\t\t\t\t<\/div>\n\t\t\t\t\t<\/div>\n\t\t<\/div>\n\t\t\t\t<div class=\"elementor-column elementor-col-50 elementor-top-column elementor-element elementor-element-fec2688\" data-id=\"fec2688\" data-element_type=\"column\">\n\t\t\t<div class=\"elementor-widget-wrap elementor-element-populated\">\n\t\t\t\t\t\t<div class=\"elementor-element elementor-element-fc36feb elementor-widget elementor-widget-image\" data-id=\"fc36feb\" data-element_type=\"widget\" data-widget_type=\"image.default\">\n\t\t\t\t<div class=\"elementor-widget-container\">\n\t\t\t\t\t\t\t\t\t\t\t\t\t<img loading=\"lazy\" decoding=\"async\" width=\"640\" height=\"427\" src=\"http:\/\/172.16.202.26\/wp-content\/uploads\/2023\/02\/12-1024x683.jpg\" class=\"attachment-large size-large wp-image-16803\" alt=\"\" srcset=\"http:\/\/172.16.202.26\/wp-content\/uploads\/2023\/02\/12-1024x683.jpg 1024w, http:\/\/172.16.202.26\/wp-content\/uploads\/2023\/02\/12-300x200.jpg 300w, http:\/\/172.16.202.26\/wp-content\/uploads\/2023\/02\/12-768x512.jpg 768w, http:\/\/172.16.202.26\/wp-content\/uploads\/2023\/02\/12-600x400.jpg 600w, http:\/\/172.16.202.26\/wp-content\/uploads\/2023\/02\/12.jpg 1200w\" sizes=\"(max-width: 640px) 100vw, 640px\" \/>\t\t\t\t\t\t\t\t\t\t\t\t\t<\/div>\n\t\t\t\t<\/div>\n\t\t\t\t<div class=\"elementor-element elementor-element-2c8848f elementor-widget elementor-widget-heading\" data-id=\"2c8848f\" data-element_type=\"widget\" data-widget_type=\"heading.default\">\n\t\t\t\t<div class=\"elementor-widget-container\">\n\t\t\t<div class=\"elementor-heading-title elementor-size-default\">Standing Ovations f\u00fcr Direktor Reischer<\/div>\t\t<\/div>\n\t\t\t\t<\/div>\n\t\t\t\t\t<\/div>\n\t\t<\/div>\n\t\t\t\t\t<\/div>\n\t\t<\/section>\n\t\t\t\t<section class=\"elementor-section elementor-top-section elementor-element elementor-element-5db4177 elementor-section-boxed elementor-section-height-default elementor-section-height-default\" data-id=\"5db4177\" data-element_type=\"section\">\n\t\t\t\t\t\t<div class=\"elementor-container elementor-column-gap-default\">\n\t\t\t\t\t<div class=\"elementor-column elementor-col-100 elementor-top-column elementor-element elementor-element-8a90be0\" data-id=\"8a90be0\" data-element_type=\"column\">\n\t\t\t<div class=\"elementor-widget-wrap elementor-element-populated\">\n\t\t\t\t\t\t<div class=\"elementor-element elementor-element-9c13889 elementor-widget elementor-widget-text-editor\" data-id=\"9c13889\" data-element_type=\"widget\" data-widget_type=\"text-editor.default\">\n\t\t\t\t<div class=\"elementor-widget-container\">\n\t\t\t\t\t\t\t<p>Am Buffet lie\u00dfen die Anwesenden den Abend mit Erinnerungen und Erz\u00e4hlungen gesellig ausklingen.<\/p>\t\t\t\t\t\t<\/div>\n\t\t\t\t<\/div>\n\t\t\t\t\t<\/div>\n\t\t<\/div>\n\t\t\t\t\t<\/div>\n\t\t<\/section>\n\t\t\t\t<section class=\"elementor-section elementor-top-section elementor-element elementor-element-cb5064e elementor-section-boxed elementor-section-height-default elementor-section-height-default\" data-id=\"cb5064e\" data-element_type=\"section\">\n\t\t\t\t\t\t<div class=\"elementor-container elementor-column-gap-default\">\n\t\t\t\t\t<div class=\"elementor-column elementor-col-50 elementor-top-column elementor-element elementor-element-c25fdf8\" data-id=\"c25fdf8\" data-element_type=\"column\">\n\t\t\t<div class=\"elementor-widget-wrap elementor-element-populated\">\n\t\t\t\t\t\t<div class=\"elementor-element elementor-element-05bfb81 elementor-widget elementor-widget-image\" data-id=\"05bfb81\" data-element_type=\"widget\" data-widget_type=\"image.default\">\n\t\t\t\t<div class=\"elementor-widget-container\">\n\t\t\t\t\t\t\t\t\t\t\t\t\t<img loading=\"lazy\" decoding=\"async\" width=\"640\" height=\"427\" src=\"http:\/\/172.16.202.26\/wp-content\/uploads\/2023\/02\/13-1024x683.jpg\" class=\"attachment-large size-large wp-image-16804\" alt=\"\" srcset=\"http:\/\/172.16.202.26\/wp-content\/uploads\/2023\/02\/13-1024x683.jpg 1024w, http:\/\/172.16.202.26\/wp-content\/uploads\/2023\/02\/13-300x200.jpg 300w, http:\/\/172.16.202.26\/wp-content\/uploads\/2023\/02\/13-768x512.jpg 768w, http:\/\/172.16.202.26\/wp-content\/uploads\/2023\/02\/13.jpg 1200w\" sizes=\"(max-width: 640px) 100vw, 640px\" \/>\t\t\t\t\t\t\t\t\t\t\t\t\t<\/div>\n\t\t\t\t<\/div>\n\t\t\t\t<div class=\"elementor-element elementor-element-9df0e0b elementor-widget elementor-widget-heading\" data-id=\"9df0e0b\" data-element_type=\"widget\" data-widget_type=\"heading.default\">\n\t\t\t\t<div class=\"elementor-widget-container\">\n\t\t\t<div class=\"elementor-heading-title elementor-size-default\">Geselliges Beisammensein und Austausch von Erinnerungen<\/div>\t\t<\/div>\n\t\t\t\t<\/div>\n\t\t\t\t\t<\/div>\n\t\t<\/div>\n\t\t\t\t<div class=\"elementor-column elementor-col-50 elementor-top-column elementor-element elementor-element-ff2b00c\" data-id=\"ff2b00c\" data-element_type=\"column\">\n\t\t\t<div class=\"elementor-widget-wrap elementor-element-populated\">\n\t\t\t\t\t\t<div class=\"elementor-element elementor-element-bb650bb elementor-widget elementor-widget-image\" data-id=\"bb650bb\" data-element_type=\"widget\" data-widget_type=\"image.default\">\n\t\t\t\t<div class=\"elementor-widget-container\">\n\t\t\t\t\t\t\t\t\t\t\t\t\t<img loading=\"lazy\" decoding=\"async\" width=\"640\" height=\"427\" src=\"http:\/\/172.16.202.26\/wp-content\/uploads\/2023\/02\/14-1024x683.jpg\" class=\"attachment-large size-large wp-image-16811\" alt=\"\" srcset=\"http:\/\/172.16.202.26\/wp-content\/uploads\/2023\/02\/14-1024x683.jpg 1024w, http:\/\/172.16.202.26\/wp-content\/uploads\/2023\/02\/14-300x200.jpg 300w, http:\/\/172.16.202.26\/wp-content\/uploads\/2023\/02\/14-768x512.jpg 768w, http:\/\/172.16.202.26\/wp-content\/uploads\/2023\/02\/14-600x400.jpg 600w, http:\/\/172.16.202.26\/wp-content\/uploads\/2023\/02\/14.jpg 1200w\" sizes=\"(max-width: 640px) 100vw, 640px\" \/>\t\t\t\t\t\t\t\t\t\t\t\t\t<\/div>\n\t\t\t\t<\/div>\n\t\t\t\t\t<\/div>\n\t\t<\/div>\n\t\t\t\t\t<\/div>\n\t\t<\/section>\n\t\t\t\t<section class=\"elementor-section elementor-top-section elementor-element elementor-element-9df2847 elementor-section-boxed elementor-section-height-default elementor-section-height-default\" data-id=\"9df2847\" data-element_type=\"section\">\n\t\t\t\t\t\t<div class=\"elementor-container elementor-column-gap-default\">\n\t\t\t\t\t<div class=\"elementor-column elementor-col-50 elementor-top-column elementor-element elementor-element-a93fca4\" data-id=\"a93fca4\" data-element_type=\"column\">\n\t\t\t<div class=\"elementor-widget-wrap elementor-element-populated\">\n\t\t\t\t\t\t<div class=\"elementor-element elementor-element-c72875e elementor-widget elementor-widget-image\" data-id=\"c72875e\" data-element_type=\"widget\" data-widget_type=\"image.default\">\n\t\t\t\t<div class=\"elementor-widget-container\">\n\t\t\t\t\t\t\t\t\t\t\t\t\t<img loading=\"lazy\" decoding=\"async\" width=\"640\" height=\"427\" src=\"http:\/\/172.16.202.26\/wp-content\/uploads\/2023\/02\/15-1024x683.jpg\" class=\"attachment-large size-large wp-image-16808\" alt=\"\" srcset=\"http:\/\/172.16.202.26\/wp-content\/uploads\/2023\/02\/15-1024x683.jpg 1024w, http:\/\/172.16.202.26\/wp-content\/uploads\/2023\/02\/15-300x200.jpg 300w, http:\/\/172.16.202.26\/wp-content\/uploads\/2023\/02\/15-768x512.jpg 768w, http:\/\/172.16.202.26\/wp-content\/uploads\/2023\/02\/15-600x400.jpg 600w, http:\/\/172.16.202.26\/wp-content\/uploads\/2023\/02\/15.jpg 1200w\" sizes=\"(max-width: 640px) 100vw, 640px\" \/>\t\t\t\t\t\t\t\t\t\t\t\t\t<\/div>\n\t\t\t\t<\/div>\n\t\t\t\t\t<\/div>\n\t\t<\/div>\n\t\t\t\t<div class=\"elementor-column elementor-col-50 elementor-top-column elementor-element elementor-element-31cfe54\" data-id=\"31cfe54\" data-element_type=\"column\">\n\t\t\t<div class=\"elementor-widget-wrap elementor-element-populated\">\n\t\t\t\t\t\t<div class=\"elementor-element elementor-element-11efb6e elementor-widget elementor-widget-image\" data-id=\"11efb6e\" data-element_type=\"widget\" data-widget_type=\"image.default\">\n\t\t\t\t<div class=\"elementor-widget-container\">\n\t\t\t\t\t\t\t\t\t\t\t\t\t<img loading=\"lazy\" decoding=\"async\" width=\"640\" height=\"427\" src=\"http:\/\/172.16.202.26\/wp-content\/uploads\/2023\/02\/16-1024x683.jpg\" class=\"attachment-large size-large wp-image-16805\" alt=\"\" srcset=\"http:\/\/172.16.202.26\/wp-content\/uploads\/2023\/02\/16-1024x683.jpg 1024w, http:\/\/172.16.202.26\/wp-content\/uploads\/2023\/02\/16-300x200.jpg 300w, http:\/\/172.16.202.26\/wp-content\/uploads\/2023\/02\/16-768x512.jpg 768w, http:\/\/172.16.202.26\/wp-content\/uploads\/2023\/02\/16-600x400.jpg 600w, http:\/\/172.16.202.26\/wp-content\/uploads\/2023\/02\/16.jpg 1200w\" sizes=\"(max-width: 640px) 100vw, 640px\" \/>\t\t\t\t\t\t\t\t\t\t\t\t\t<\/div>\n\t\t\t\t<\/div>\n\t\t\t\t\t<\/div>\n\t\t<\/div>\n\t\t\t\t\t<\/div>\n\t\t<\/section>\n\t\t\t\t<section class=\"elementor-section elementor-top-section elementor-element elementor-element-0a6850a elementor-section-boxed elementor-section-height-default elementor-section-height-default\" data-id=\"0a6850a\" data-element_type=\"section\">\n\t\t\t\t\t\t<div class=\"elementor-container elementor-column-gap-default\">\n\t\t\t\t\t<div class=\"elementor-column elementor-col-100 elementor-top-column elementor-element elementor-element-5223bee\" data-id=\"5223bee\" data-element_type=\"column\">\n\t\t\t<div class=\"elementor-widget-wrap elementor-element-populated\">\n\t\t\t\t\t\t<div class=\"elementor-element elementor-element-54a8ee1 elementor-widget elementor-widget-text-editor\" data-id=\"54a8ee1\" data-element_type=\"widget\" data-widget_type=\"text-editor.default\">\n\t\t\t\t<div class=\"elementor-widget-container\">\n\t\t\t\t\t\t\t<p><em>Mag. Claudia Weber und MMag. Hubert H\u00f6ller<\/em><br \/><em>Fotografien (c) Moritz Mairinger<\/em><\/p>\t\t\t\t\t\t<\/div>\n\t\t\t\t<\/div>\n\t\t\t\t\t<\/div>\n\t\t<\/div>\n\t\t\t\t\t<\/div>\n\t\t<\/section>\n\t\t\t\t<\/div>\n\t\t","protected":false},"excerpt":{"rendered":"<p>Das TGM verabschiedete am 19.12.2022 Direktor Karl Reischer im Rahmen eines festlichen Abends.<\/p>\n","protected":false},"author":3,"featured_media":16802,"comment_status":"closed","ping_status":"closed","sticky":false,"template":"elementor_header_footer","format":"standard","meta":[],"categories":[1],"tags":[71],"_links":{"self":[{"href":"http:\/\/172.16.202.26\/index.php?rest_route=\/wp\/v2\/posts\/16790"}],"collection":[{"href":"http:\/\/172.16.202.26\/index.php?rest_route=\/wp\/v2\/posts"}],"about":[{"href":"http:\/\/172.16.202.26\/index.php?rest_route=\/wp\/v2\/types\/post"}],"author":[{"embeddable":true,"href":"http:\/\/172.16.202.26\/index.php?rest_route=\/wp\/v2\/users\/3"}],"replies":[{"embeddable":true,"href":"http:\/\/172.16.202.26\/index.php?rest_route=%2Fwp%2Fv2%2Fcomments&post=16790"}],"version-history":[{"count":11,"href":"http:\/\/172.16.202.26\/index.php?rest_route=\/wp\/v2\/posts\/16790\/revisions"}],"predecessor-version":[{"id":16851,"href":"http:\/\/172.16.202.26\/index.php?rest_route=\/wp\/v2\/posts\/16790\/revisions\/16851"}],"wp:featuredmedia":[{"embeddable":true,"href":"http:\/\/172.16.202.26\/index.php?rest_route=\/wp\/v2\/media\/16802"}],"wp:attachment":[{"href":"http:\/\/172.16.202.26\/index.php?rest_route=%2Fwp%2Fv2%2Fmedia&parent=16790"}],"wp:term":[{"taxonomy":"category","embeddable":true,"href":"http:\/\/172.16.202.26\/index.php?rest_route=%2Fwp%2Fv2%2Fcategories&post=16790"},{"taxonomy":"post_tag","embeddable":true,"href":"http:\/\/172.16.202.26\/index.php?rest_route=%2Fwp%2Fv2%2Ftags&post=16790"}],"curies":[{"name":"wp","href":"https:\/\/api.w.org\/{rel}","templated":true}]}}