{"id":18836,"date":"2023-07-11T06:29:46","date_gmt":"2023-07-11T04:29:46","guid":{"rendered":"http:\/\/172.16.202.26\/?p=18836"},"modified":"2024-04-10T13:40:00","modified_gmt":"2024-04-10T11:40:00","slug":"2-platz-beim-jugendredewettbewerb","status":"publish","type":"post","link":"http:\/\/172.16.202.26\/?p=18836","title":{"rendered":"2. Platz beim Jugendredewettbewerb"},"content":{"rendered":"\t\t<div data-elementor-type=\"wp-post\" data-elementor-id=\"18836\" class=\"elementor elementor-18836\">\n\t\t\t\t\t\t<section class=\"elementor-section elementor-top-section elementor-element elementor-element-b98a09c elementor-section-boxed elementor-section-height-default elementor-section-height-default\" data-id=\"b98a09c\" data-element_type=\"section\">\n\t\t\t\t\t\t<div class=\"elementor-container elementor-column-gap-default\">\n\t\t\t\t\t<div class=\"elementor-column elementor-col-100 elementor-top-column elementor-element elementor-element-9868e6d\" data-id=\"9868e6d\" data-element_type=\"column\">\n\t\t\t<div class=\"elementor-widget-wrap elementor-element-populated\">\n\t\t\t\t\t\t<div class=\"elementor-element elementor-element-b6cd365 elementor-widget elementor-widget-text-editor\" data-id=\"b6cd365\" data-element_type=\"widget\" data-widget_type=\"text-editor.default\">\n\t\t\t\t<div class=\"elementor-widget-container\">\n\t\t\t<style>\/*! elementor - v3.20.0 - 13-03-2024 *\/\n.elementor-widget-text-editor.elementor-drop-cap-view-stacked .elementor-drop-cap{background-color:#69727d;color:#fff}.elementor-widget-text-editor.elementor-drop-cap-view-framed .elementor-drop-cap{color:#69727d;border:3px solid;background-color:transparent}.elementor-widget-text-editor:not(.elementor-drop-cap-view-default) .elementor-drop-cap{margin-top:8px}.elementor-widget-text-editor:not(.elementor-drop-cap-view-default) .elementor-drop-cap-letter{width:1em;height:1em}.elementor-widget-text-editor .elementor-drop-cap{float:left;text-align:center;line-height:1;font-size:50px}.elementor-widget-text-editor .elementor-drop-cap-letter{display:inline-block}<\/style>\t\t\t\t<p style=\"text-align: center;\">11.7.2023<\/p>\t\t\t\t\t\t<\/div>\n\t\t\t\t<\/div>\n\t\t\t\t\t<\/div>\n\t\t<\/div>\n\t\t\t\t\t<\/div>\n\t\t<\/section>\n\t\t\t\t<section class=\"elementor-section elementor-top-section elementor-element elementor-element-7483ee7 elementor-section-boxed elementor-section-height-default elementor-section-height-default\" data-id=\"7483ee7\" data-element_type=\"section\">\n\t\t\t\t\t\t<div class=\"elementor-container elementor-column-gap-default\">\n\t\t\t\t\t<div class=\"elementor-column elementor-col-100 elementor-top-column elementor-element elementor-element-68753d9\" data-id=\"68753d9\" data-element_type=\"column\">\n\t\t\t<div class=\"elementor-widget-wrap elementor-element-populated\">\n\t\t\t\t\t\t<div class=\"elementor-element elementor-element-f087499 elementor-widget elementor-widget-heading\" data-id=\"f087499\" data-element_type=\"widget\" data-widget_type=\"heading.default\">\n\t\t\t\t<div class=\"elementor-widget-container\">\n\t\t\t<style>\/*! elementor - v3.20.0 - 13-03-2024 *\/\n.elementor-heading-title{padding:0;margin:0;line-height:1}.elementor-widget-heading .elementor-heading-title[class*=elementor-size-]>a{color:inherit;font-size:inherit;line-height:inherit}.elementor-widget-heading .elementor-heading-title.elementor-size-small{font-size:15px}.elementor-widget-heading .elementor-heading-title.elementor-size-medium{font-size:19px}.elementor-widget-heading .elementor-heading-title.elementor-size-large{font-size:29px}.elementor-widget-heading .elementor-heading-title.elementor-size-xl{font-size:39px}.elementor-widget-heading .elementor-heading-title.elementor-size-xxl{font-size:59px}<\/style><h2 class=\"elementor-heading-title elementor-size-default\">2.Platz beim Jugendredewettbewerb<\/h2>\t\t<\/div>\n\t\t\t\t<\/div>\n\t\t\t\t\t<\/div>\n\t\t<\/div>\n\t\t\t\t\t<\/div>\n\t\t<\/section>\n\t\t\t\t<section class=\"elementor-section elementor-top-section elementor-element elementor-element-142d14ec elementor-section-boxed elementor-section-height-default elementor-section-height-default\" data-id=\"142d14ec\" data-element_type=\"section\">\n\t\t\t\t\t\t<div class=\"elementor-container elementor-column-gap-default\">\n\t\t\t\t\t<div class=\"elementor-column elementor-col-100 elementor-top-column elementor-element elementor-element-3681139e\" data-id=\"3681139e\" data-element_type=\"column\">\n\t\t\t<div class=\"elementor-widget-wrap elementor-element-populated\">\n\t\t\t\t\t\t<div class=\"elementor-element elementor-element-77998c9e elementor-widget elementor-widget-text-editor\" data-id=\"77998c9e\" data-element_type=\"widget\" data-widget_type=\"text-editor.default\">\n\t\t\t\t<div class=\"elementor-widget-container\">\n\t\t\t\t\t\t\t<p>Elissa Wieland, Klasse 5BHKT, konnte sich dieses Jahr beim (einsprachigen) Jugendredewettbewerb als Gewinnerin von Wien f\u00fcr den Bundes-Redewettbewerb in Innsbruck qualifizieren. Dort holte sie den fantastischen 2. PLATZ mit ihrer Spontanrede zu \u201eKunststoff ist nicht b\u00f6se\u201c.\u00a0<\/p><p>Hier Elissas Bericht zur Teilnahme im Finale:<\/p><p><br \/>Obwohl er diesj\u00e4hrig zum 70. Mal stattfindet, wissen die wenigsten davon. Ich meine den Bundesjugendredewettbewerb. In drei verschiedenen Kategorien stellen Jugendliche ihr K\u00f6nnen unter Beweis und sprechen \u00fcber ein Thema, dass ihnen am Herzen liegt, sei es \u00fcber Sexismus, Atomenergie oder \u201eKunststoff ist NICHT b\u00f6se\u201c.<br \/>In diesem Jahr waren zum ersten Mal Teilnehmer*innen aus dem TGM dabei. In der Kategorie ,,Spontanrede\u2018\u2018, in der man nach f\u00fcnf Minuten Vorbereitungszeit eine zwei bis vier Minuten lange Reden halten muss, schaffte ich es bis zum Bundesfinale in Innsbruck.<br \/>In meiner Kategorie wurde das Thema der Rede erst vor Ort gezogen. Schlussendlich erwischte ich gl\u00fccklicherweise ein Thema, das mir nicht nur pers\u00f6nlich, sondern auch von meinem schulischen Hintergrund sehr nahesteht: das Thema PET-Recycling. F\u00fcr mich war das ein wirklich kr\u00f6nender Abschluss nach f\u00fcnf Jahren Kunststofftechnik-Ausbildung! Damit wurde ich Zweite in ganz \u00d6sterreich (inklusive S\u00fcdtirol) in der Kategorie Spontanrede. <br \/>Obwohl am Vorabend der Preisverleihung die Nerven minimal angespannt waren, lautete die einstimmige Conclusio aller Teilnehmer*innen in Innsbruck: Die sch\u00f6ne Zeit verging einfach viel zu schnell.<\/p><p><br \/>Mein gro\u00dfer Dank gilt allen Professor*innen und der Abteilung HKT, da ich trotz Matura nach Innsbruck fahren konnte. AV Reitinger und Dir. Wess k\u00fcmmerten sich um alle Formalia und lie\u00dfen mich als Erste zur Matura antreten, damit ich gleich danach mit dem Zug zum Finale nach Innsbruck fahren konnte.<br \/>Ganz besonders danke ich Frau Professor Atanasoska, die nicht nur im Vorhinein mit mir an meiner Rhetorik und K\u00f6rpersprache gefeilt hat, sondern immer Zeit f\u00fcr mich hatte und mich vor Ort bei beiden wienweiten Bewerben unterst\u00fctzte.<br \/>Danke.<br \/><br \/><\/p><p>An alle jetzigen und zuk\u00fcnftigen Sch\u00fcler*innen des TGM: Traut euch, meldet euch, nehmt teil! Es war eine unglaubliche Erfahrung, die durchaus zu mehr Selbstsicherheit f\u00fchrt. Vor Menschen reden zu k\u00f6nnen ist eine F\u00e4higkeit, die man immer brauchen kann. Der Redewettbewerb ist die perfekte Gelegenheit, um genau das in einer freundlichen Atmosph\u00e4re zu \u00fcben.<\/p>\t\t\t\t\t\t<\/div>\n\t\t\t\t<\/div>\n\t\t\t\t\t<\/div>\n\t\t<\/div>\n\t\t\t\t\t<\/div>\n\t\t<\/section>\n\t\t\t\t<section class=\"elementor-section elementor-top-section elementor-element elementor-element-6dc932e elementor-section-boxed elementor-section-height-default elementor-section-height-default\" data-id=\"6dc932e\" data-element_type=\"section\">\n\t\t\t\t\t\t<div class=\"elementor-container elementor-column-gap-default\">\n\t\t\t\t\t<div class=\"elementor-column elementor-col-100 elementor-top-column elementor-element elementor-element-968a225\" data-id=\"968a225\" data-element_type=\"column\">\n\t\t\t<div class=\"elementor-widget-wrap elementor-element-populated\">\n\t\t\t\t\t\t<div class=\"elementor-element elementor-element-0d54abd elementor-widget elementor-widget-image\" data-id=\"0d54abd\" data-element_type=\"widget\" data-widget_type=\"image.default\">\n\t\t\t\t<div class=\"elementor-widget-container\">\n\t\t\t<style>\/*! elementor - v3.20.0 - 13-03-2024 *\/\n.elementor-widget-image{text-align:center}.elementor-widget-image a{display:inline-block}.elementor-widget-image a img[src$=\".svg\"]{width:48px}.elementor-widget-image img{vertical-align:middle;display:inline-block}<\/style>\t\t\t\t\t\t\t\t\t\t<img fetchpriority=\"high\" decoding=\"async\" width=\"1920\" height=\"1080\" src=\"http:\/\/172.16.202.26\/wp-content\/uploads\/2023\/07\/Elissa.png\" class=\"attachment-2048x2048 size-2048x2048 wp-image-18842\" alt=\"\" srcset=\"http:\/\/172.16.202.26\/wp-content\/uploads\/2023\/07\/Elissa.png 1920w, http:\/\/172.16.202.26\/wp-content\/uploads\/2023\/07\/Elissa-300x169.png 300w, http:\/\/172.16.202.26\/wp-content\/uploads\/2023\/07\/Elissa-1024x576.png 1024w, http:\/\/172.16.202.26\/wp-content\/uploads\/2023\/07\/Elissa-768x432.png 768w, http:\/\/172.16.202.26\/wp-content\/uploads\/2023\/07\/Elissa-1536x864.png 1536w\" sizes=\"(max-width: 1920px) 100vw, 1920px\" \/>\t\t\t\t\t\t\t\t\t\t\t\t\t<\/div>\n\t\t\t\t<\/div>\n\t\t\t\t<div class=\"elementor-element elementor-element-736139d elementor-widget elementor-widget-heading\" data-id=\"736139d\" data-element_type=\"widget\" data-widget_type=\"heading.default\">\n\t\t\t\t<div class=\"elementor-widget-container\">\n\t\t\t<div class=\"elementor-heading-title elementor-size-default\">Elissa Wieland, 5BHKT<\/div>\t\t<\/div>\n\t\t\t\t<\/div>\n\t\t\t\t\t<\/div>\n\t\t<\/div>\n\t\t\t\t\t<\/div>\n\t\t<\/section>\n\t\t\t\t<\/div>\n\t\t","protected":false},"excerpt":{"rendered":"<p>Elissa Wieland konnte sich dieses Jahr beim Jugendredewettbewerb als Gewinnerin von Wien f\u00fcr den Bundes-Redewettbewerb in Innsbruck qualifizieren. Dort holte sie den fantastischen 2. PLATZ. <\/p>\n","protected":false},"author":3,"featured_media":18842,"comment_status":"closed","ping_status":"closed","sticky":false,"template":"elementor_header_footer","format":"standard","meta":[],"categories":[1],"tags":[71],"_links":{"self":[{"href":"http:\/\/172.16.202.26\/index.php?rest_route=\/wp\/v2\/posts\/18836"}],"collection":[{"href":"http:\/\/172.16.202.26\/index.php?rest_route=\/wp\/v2\/posts"}],"about":[{"href":"http:\/\/172.16.202.26\/index.php?rest_route=\/wp\/v2\/types\/post"}],"author":[{"embeddable":true,"href":"http:\/\/172.16.202.26\/index.php?rest_route=\/wp\/v2\/users\/3"}],"replies":[{"embeddable":true,"href":"http:\/\/172.16.202.26\/index.php?rest_route=%2Fwp%2Fv2%2Fcomments&post=18836"}],"version-history":[{"count":12,"href":"http:\/\/172.16.202.26\/index.php?rest_route=\/wp\/v2\/posts\/18836\/revisions"}],"predecessor-version":[{"id":19332,"href":"http:\/\/172.16.202.26\/index.php?rest_route=\/wp\/v2\/posts\/18836\/revisions\/19332"}],"wp:featuredmedia":[{"embeddable":true,"href":"http:\/\/172.16.202.26\/index.php?rest_route=\/wp\/v2\/media\/18842"}],"wp:attachment":[{"href":"http:\/\/172.16.202.26\/index.php?rest_route=%2Fwp%2Fv2%2Fmedia&parent=18836"}],"wp:term":[{"taxonomy":"category","embeddable":true,"href":"http:\/\/172.16.202.26\/index.php?rest_route=%2Fwp%2Fv2%2Fcategories&post=18836"},{"taxonomy":"post_tag","embeddable":true,"href":"http:\/\/172.16.202.26\/index.php?rest_route=%2Fwp%2Fv2%2Ftags&post=18836"}],"curies":[{"name":"wp","href":"https:\/\/api.w.org\/{rel}","templated":true}]}}