{"id":21467,"date":"2024-02-14T13:43:20","date_gmt":"2024-02-14T12:43:20","guid":{"rendered":"http:\/\/172.16.202.26\/?p=21467"},"modified":"2025-06-16T13:40:24","modified_gmt":"2025-06-16T11:40:24","slug":"karriere-event-hel-hbg-vom-31-1-2024","status":"publish","type":"post","link":"http:\/\/172.16.202.26\/?p=21467","title":{"rendered":"Karriere-Event HEL\/HBG vom 31.1.2024"},"content":{"rendered":"\t\t<div data-elementor-type=\"wp-post\" data-elementor-id=\"21467\" class=\"elementor elementor-21467\">\n\t\t\t\t\t\t<section class=\"elementor-section elementor-top-section elementor-element elementor-element-b98a09c elementor-section-boxed elementor-section-height-default elementor-section-height-default\" data-id=\"b98a09c\" data-element_type=\"section\">\n\t\t\t\t\t\t<div class=\"elementor-container elementor-column-gap-default\">\n\t\t\t\t\t<div class=\"elementor-column elementor-col-100 elementor-top-column elementor-element elementor-element-9868e6d\" data-id=\"9868e6d\" data-element_type=\"column\">\n\t\t\t<div class=\"elementor-widget-wrap elementor-element-populated\">\n\t\t\t\t\t\t<div class=\"elementor-element elementor-element-b6cd365 elementor-widget elementor-widget-text-editor\" data-id=\"b6cd365\" data-element_type=\"widget\" data-widget_type=\"text-editor.default\">\n\t\t\t\t<div class=\"elementor-widget-container\">\n\t\t\t<style>\/*! elementor - v3.20.0 - 13-03-2024 *\/\n.elementor-widget-text-editor.elementor-drop-cap-view-stacked .elementor-drop-cap{background-color:#69727d;color:#fff}.elementor-widget-text-editor.elementor-drop-cap-view-framed .elementor-drop-cap{color:#69727d;border:3px solid;background-color:transparent}.elementor-widget-text-editor:not(.elementor-drop-cap-view-default) .elementor-drop-cap{margin-top:8px}.elementor-widget-text-editor:not(.elementor-drop-cap-view-default) .elementor-drop-cap-letter{width:1em;height:1em}.elementor-widget-text-editor .elementor-drop-cap{float:left;text-align:center;line-height:1;font-size:50px}.elementor-widget-text-editor .elementor-drop-cap-letter{display:inline-block}<\/style>\t\t\t\t<p style=\"text-align: center;\">14.2.2024<\/p>\t\t\t\t\t\t<\/div>\n\t\t\t\t<\/div>\n\t\t\t\t\t<\/div>\n\t\t<\/div>\n\t\t\t\t\t<\/div>\n\t\t<\/section>\n\t\t\t\t<section class=\"elementor-section elementor-top-section elementor-element elementor-element-7483ee7 elementor-section-boxed elementor-section-height-default elementor-section-height-default\" data-id=\"7483ee7\" data-element_type=\"section\">\n\t\t\t\t\t\t<div class=\"elementor-container elementor-column-gap-default\">\n\t\t\t\t\t<div class=\"elementor-column elementor-col-100 elementor-top-column elementor-element elementor-element-68753d9\" data-id=\"68753d9\" data-element_type=\"column\">\n\t\t\t<div class=\"elementor-widget-wrap elementor-element-populated\">\n\t\t\t\t\t\t<div class=\"elementor-element elementor-element-f087499 elementor-widget elementor-widget-heading\" data-id=\"f087499\" data-element_type=\"widget\" data-widget_type=\"heading.default\">\n\t\t\t\t<div class=\"elementor-widget-container\">\n\t\t\t<style>\/*! elementor - v3.20.0 - 13-03-2024 *\/\n.elementor-heading-title{padding:0;margin:0;line-height:1}.elementor-widget-heading .elementor-heading-title[class*=elementor-size-]>a{color:inherit;font-size:inherit;line-height:inherit}.elementor-widget-heading .elementor-heading-title.elementor-size-small{font-size:15px}.elementor-widget-heading .elementor-heading-title.elementor-size-medium{font-size:19px}.elementor-widget-heading .elementor-heading-title.elementor-size-large{font-size:29px}.elementor-widget-heading .elementor-heading-title.elementor-size-xl{font-size:39px}.elementor-widget-heading .elementor-heading-title.elementor-size-xxl{font-size:59px}<\/style><h2 class=\"elementor-heading-title elementor-size-default\">Karriere-Event HEL\/HBG vom 31.1.2024<\/h2>\t\t<\/div>\n\t\t\t\t<\/div>\n\t\t\t\t\t<\/div>\n\t\t<\/div>\n\t\t\t\t\t<\/div>\n\t\t<\/section>\n\t\t\t\t<section class=\"elementor-section elementor-top-section elementor-element elementor-element-393234b elementor-section-boxed elementor-section-height-default elementor-section-height-default\" data-id=\"393234b\" data-element_type=\"section\">\n\t\t\t\t\t\t<div class=\"elementor-container elementor-column-gap-default\">\n\t\t\t\t\t<div class=\"elementor-column elementor-col-100 elementor-top-column elementor-element elementor-element-4810581\" data-id=\"4810581\" data-element_type=\"column\">\n\t\t\t<div class=\"elementor-widget-wrap elementor-element-populated\">\n\t\t\t\t\t\t<div class=\"elementor-element elementor-element-32633eb elementor-widget elementor-widget-image\" data-id=\"32633eb\" data-element_type=\"widget\" data-widget_type=\"image.default\">\n\t\t\t\t<div class=\"elementor-widget-container\">\n\t\t\t<style>\/*! elementor - v3.20.0 - 13-03-2024 *\/\n.elementor-widget-image{text-align:center}.elementor-widget-image a{display:inline-block}.elementor-widget-image a img[src$=\".svg\"]{width:48px}.elementor-widget-image img{vertical-align:middle;display:inline-block}<\/style>\t\t\t\t\t\t\t\t\t\t<img fetchpriority=\"high\" decoding=\"async\" width=\"1386\" height=\"924\" src=\"http:\/\/172.16.202.26\/wp-content\/uploads\/2024\/02\/Bild1.jpg\" class=\"attachment-1536x1536 size-1536x1536 wp-image-21469\" alt=\"\" srcset=\"http:\/\/172.16.202.26\/wp-content\/uploads\/2024\/02\/Bild1.jpg 1386w, http:\/\/172.16.202.26\/wp-content\/uploads\/2024\/02\/Bild1-300x200.jpg 300w, http:\/\/172.16.202.26\/wp-content\/uploads\/2024\/02\/Bild1-1024x683.jpg 1024w, http:\/\/172.16.202.26\/wp-content\/uploads\/2024\/02\/Bild1-768x512.jpg 768w, http:\/\/172.16.202.26\/wp-content\/uploads\/2024\/02\/Bild1-600x400.jpg 600w\" sizes=\"(max-width: 1386px) 100vw, 1386px\" \/>\t\t\t\t\t\t\t\t\t\t\t\t\t<\/div>\n\t\t\t\t<\/div>\n\t\t\t\t\t<\/div>\n\t\t<\/div>\n\t\t\t\t\t<\/div>\n\t\t<\/section>\n\t\t\t\t<section class=\"elementor-section elementor-top-section elementor-element elementor-element-142d14ec elementor-section-boxed elementor-section-height-default elementor-section-height-default\" data-id=\"142d14ec\" data-element_type=\"section\">\n\t\t\t\t\t\t<div class=\"elementor-container elementor-column-gap-default\">\n\t\t\t\t\t<div class=\"elementor-column elementor-col-100 elementor-top-column elementor-element elementor-element-3681139e\" data-id=\"3681139e\" data-element_type=\"column\">\n\t\t\t<div class=\"elementor-widget-wrap elementor-element-populated\">\n\t\t\t\t\t\t<div class=\"elementor-element elementor-element-77998c9e elementor-widget elementor-widget-text-editor\" data-id=\"77998c9e\" data-element_type=\"widget\" data-widget_type=\"text-editor.default\">\n\t\t\t\t<div class=\"elementor-widget-container\">\n\t\t\t\t\t\t\t<p>Karriere-Event im TGM f\u00fcr die Abteilungen Elektronik und Technische Informatik bzw. Biomedizin- und Gesundheitstechnik?\u00a0<\/p><p>So etwas hat es in der Geschichte der beiden Abteilungen noch nie gegeben! Neugierig verfolgten einen ganzen Vormittag lang 200 Sch\u00fcler*innen der 4. und 5.Jahrg\u00e4nge der beiden Abteilungen dieses Event und tankten Motivation f\u00fcr ihre restliche Schulzeit. Elf Absolvent*innen des TGMs haben in ihren Vortr\u00e4gen und Fragerunden ihr Wissen und ihre Erfahrungen eingebracht, um den Sch\u00fcler*innen eine Vorstellung zu geben, was alles mit und nach ihrer Ausbildung m\u00f6glich ist.<\/p><p>\u00a0<\/p><p>Es wurden nicht nur ehemalige Sch\u00fcler*innen mit Vorzugsabschl\u00fcssen eingeladen, um \u00fcber ihre Erfolge zu berichten und damit die Zuh\u00f6rer*innen zu H\u00f6chstleistungen zu motivieren. Es haben auch Absolvent*innen mit durchschnittlicheren Abschlusszeugnissen \u00fcber ihre Karriere seit der Matura berichtet, damit der Gro\u00dfteil der Teilnehmer*innen sich vorstellen konnte: Das k\u00f6nnte ich in ein paar Jahren auch erreichen.<\/p><p>\u00a0 <br \/>Nach einer kurzen Einleitung vom Organisator Josef Kollmitzer konnte Abteilungsvorst\u00e4ndin Elisabeth V\u00f6lk die Absolvent*innen pers\u00f6nlich begr\u00fc\u00dfen, die teilweise lange Anfahrtswege in Kauf genommen haben, um hier ihren beruflichen Lebensweg zu pr\u00e4sentieren. Fachlehrer Michael Eckl unterst\u00fctzte die Veranstaltung, machte professionelle Fotos und sorgte f\u00fcr die optimale Funktion der Audioanlage. Herzlichen Dank daf\u00fcr!<\/p><p>\u00a0 <br \/>Zu Beginn der Veranstaltung informierten vier Absolventen der letzten Jahre \u00fcber das Studium an technischen Universit\u00e4ten und Fachhochschulen in Wien, Graz und Linz. Wie sucht man sich die richtige Studienrichtung aus? Was kann man im Internet recherchieren und wann macht es Sinn, sich direkt vor Ort zu informieren? Besonderes Augenmerk richteten sie auf m\u00f6gliche finanzielle Unterst\u00fctzungen durch Stipendien oder studentische Mitarbeit an Instituten.<\/p><p>\u00a0 <br \/>Danach erging das Wort an vier Absolvent*innen, die unmittelbar nach der Matura vor vier Jahren in das Berufsleben eingetreten sind. Sie stellten ihre Firmen (VAMED, Robert Bosch, Zertifizierungsstelle TVFA, Wiener Netze) inklusive der Entwicklungsm\u00f6glichkeiten vor, die diese Firmen ihnen er\u00f6ffnet haben.<\/p><p><br \/>Am Eventvormittag war auch Sebastian Mach (Abschlussjahrgang HEL 2015), der das Logistikunternehmen \u201abyrd\u2018 als Firmengr\u00fcnder vorstellte. Er ist zus\u00e4tzlich auch als Business Angel f\u00fcr verschiedene Startups t\u00e4tig und zeigte den Sch\u00fcler*innen, wie eine erfolgreiche Firmenentwicklung direkt nach der Matura m\u00f6glich ist. Besonders interessant f\u00fcr die 4.Jahrg\u00e4nge waren die Projektideen, die seine Firma f\u00fcr Diplomarbeiten ausgeschrieben hat. Diese nachhaltige Firmenkooperation ist direkt aus dem Karriere-Event entstanden und wird uns die n\u00e4chsten Jahre begleiten.<\/p><p><br \/>Als letzten Vortrag konnte uns dann Roxane Licandro (Abschlussjahrgang HEL 2004, Schwerpunkt Medizintechnik) die Fortschritte der medizinischen Bildverarbeitung durch Anwendungen der K\u00fcnstlichen Intelligenz pr\u00e4sentieren. Sie ist wissenschaftlich in diesem Bereich weltweit t\u00e4tig (MedUni Wien, Charit\u00e9 Berlin, Kings College London, Harvard Medical School Boston) und zeigte, wie nach dem Abschluss am TGM eine erfolgreiche Forscherkarriere gelingen kann.<\/p><p><br \/>F\u00fcr die Unterst\u00fctzung bei zuk\u00fcnftigen Diplomarbeiten hat Thomas Jandl (Abschlussjahrgang HET 2012) spezielle Unterst\u00fctzung f\u00fcr unsere Abteilungen erwirkt, indem er den Kontakt zu Christian Schmied herstellen konnte, der uns im Weiteren vier industrief\u00e4hige 3D-Drucker inklusive umfangreicher Filamentvorr\u00e4te \u00fcberlassen hat. Vielen Dank f\u00fcr diese nachhaltige Unterst\u00fctzung!<\/p><p><br \/>Nach diesen intensiven Vortr\u00e4gen und einigen Fragerunden im Plenum konnten die Sch\u00fcler*innen nun direkt mit allen Vortragenden einzeln sprechen, sich f\u00fcr Praktika oder f\u00fcr den Berufseinstieg bewerben bzw. ihr Interesse in Gruppen f\u00fcr spezielle Diplomarbeitsprojekte anmelden. Davon machten sie auch ausgiebig Gebrauch, sodass rege Gespr\u00e4che weit \u00fcber die geplante Zeit hinaus anhielten. Manche Sch\u00fcler*innen nahmen dann auch am gemeinsamen Mittagessen der Vortragenden in der Mensa teil bzw. begleiteten diese zur Besichtigung der Neuerungen in den Abteilungen in die Labors und Werkst\u00e4tten. Den Abschluss bildete ein \u201aAusblick auf h\u00f6chstem Niveau\u2018 direkt auf dem Dach des TGMs. Dieser Ort war f\u00fcr manche der Teilnehmer*innen eine \u00dcberraschung, weil sie trotz langj\u00e4hriger Verbundenheit mit dem Haus noch nie dort oben waren. Mit der Versicherung, jederzeit wieder f\u00fcr so ein Event zur Verf\u00fcgung zu stehen, wurden die Absolvent*innen verabschiedet.<\/p>\t\t\t\t\t\t<\/div>\n\t\t\t\t<\/div>\n\t\t\t\t\t<\/div>\n\t\t<\/div>\n\t\t\t\t\t<\/div>\n\t\t<\/section>\n\t\t\t\t<section class=\"elementor-section elementor-top-section elementor-element elementor-element-3dc309f elementor-section-boxed elementor-section-height-default elementor-section-height-default\" data-id=\"3dc309f\" data-element_type=\"section\">\n\t\t\t\t\t\t<div class=\"elementor-container elementor-column-gap-default\">\n\t\t\t\t\t<div class=\"elementor-column elementor-col-50 elementor-top-column elementor-element elementor-element-a5d4ab1\" data-id=\"a5d4ab1\" data-element_type=\"column\">\n\t\t\t<div class=\"elementor-widget-wrap elementor-element-populated\">\n\t\t\t\t\t\t<div class=\"elementor-element elementor-element-f6f28fb elementor-widget elementor-widget-image\" data-id=\"f6f28fb\" data-element_type=\"widget\" data-widget_type=\"image.default\">\n\t\t\t\t<div class=\"elementor-widget-container\">\n\t\t\t\t\t\t\t\t\t\t\t\t\t<img decoding=\"async\" width=\"1386\" height=\"924\" src=\"http:\/\/172.16.202.26\/wp-content\/uploads\/2024\/02\/Bild2.jpg\" class=\"attachment-full size-full wp-image-21481\" alt=\"\" srcset=\"http:\/\/172.16.202.26\/wp-content\/uploads\/2024\/02\/Bild2.jpg 1386w, http:\/\/172.16.202.26\/wp-content\/uploads\/2024\/02\/Bild2-300x200.jpg 300w, http:\/\/172.16.202.26\/wp-content\/uploads\/2024\/02\/Bild2-1024x683.jpg 1024w, http:\/\/172.16.202.26\/wp-content\/uploads\/2024\/02\/Bild2-768x512.jpg 768w, http:\/\/172.16.202.26\/wp-content\/uploads\/2024\/02\/Bild2-600x400.jpg 600w\" sizes=\"(max-width: 1386px) 100vw, 1386px\" \/>\t\t\t\t\t\t\t\t\t\t\t\t\t<\/div>\n\t\t\t\t<\/div>\n\t\t\t\t<div class=\"elementor-element elementor-element-13b5069 elementor-widget elementor-widget-heading\" data-id=\"13b5069\" data-element_type=\"widget\" data-widget_type=\"heading.default\">\n\t\t\t\t<div class=\"elementor-widget-container\">\n\t\t\t<div class=\"elementor-heading-title elementor-size-default\">200 Sch\u00fcler*innen verfolgen die Vortr\u00e4ge und beteiligen sich an den Fragerunden<\/div>\t\t<\/div>\n\t\t\t\t<\/div>\n\t\t\t\t\t<\/div>\n\t\t<\/div>\n\t\t\t\t<div class=\"elementor-column elementor-col-50 elementor-top-column elementor-element elementor-element-92e8d81\" data-id=\"92e8d81\" data-element_type=\"column\">\n\t\t\t<div class=\"elementor-widget-wrap elementor-element-populated\">\n\t\t\t\t\t\t<div class=\"elementor-element elementor-element-0f801cf elementor-widget elementor-widget-image\" data-id=\"0f801cf\" data-element_type=\"widget\" data-widget_type=\"image.default\">\n\t\t\t\t<div class=\"elementor-widget-container\">\n\t\t\t\t\t\t\t\t\t\t\t\t\t<img decoding=\"async\" width=\"640\" height=\"427\" src=\"http:\/\/172.16.202.26\/wp-content\/uploads\/2024\/02\/Bild3-1024x683.jpg\" class=\"attachment-large size-large wp-image-21482\" alt=\"\" srcset=\"http:\/\/172.16.202.26\/wp-content\/uploads\/2024\/02\/Bild3-1024x683.jpg 1024w, http:\/\/172.16.202.26\/wp-content\/uploads\/2024\/02\/Bild3-300x200.jpg 300w, http:\/\/172.16.202.26\/wp-content\/uploads\/2024\/02\/Bild3-768x512.jpg 768w, http:\/\/172.16.202.26\/wp-content\/uploads\/2024\/02\/Bild3-600x400.jpg 600w, http:\/\/172.16.202.26\/wp-content\/uploads\/2024\/02\/Bild3.jpg 1386w\" sizes=\"(max-width: 640px) 100vw, 640px\" \/>\t\t\t\t\t\t\t\t\t\t\t\t\t<\/div>\n\t\t\t\t<\/div>\n\t\t\t\t<div class=\"elementor-element elementor-element-7ca50a4 elementor-widget elementor-widget-heading\" data-id=\"7ca50a4\" data-element_type=\"widget\" data-widget_type=\"heading.default\">\n\t\t\t\t<div class=\"elementor-widget-container\">\n\t\t\t<div class=\"elementor-heading-title elementor-size-default\">Abteilungsvorst\u00e4ndin Elisabeth V\u00f6lk und Organisator Josef Kollmitzer bereiten das Event vor<\/div>\t\t<\/div>\n\t\t\t\t<\/div>\n\t\t\t\t\t<\/div>\n\t\t<\/div>\n\t\t\t\t\t<\/div>\n\t\t<\/section>\n\t\t\t\t<section class=\"elementor-section elementor-top-section elementor-element elementor-element-0d55ced elementor-section-boxed elementor-section-height-default elementor-section-height-default\" data-id=\"0d55ced\" data-element_type=\"section\">\n\t\t\t\t\t\t<div class=\"elementor-container elementor-column-gap-default\">\n\t\t\t\t\t<div class=\"elementor-column elementor-col-50 elementor-top-column elementor-element elementor-element-a0cba70\" data-id=\"a0cba70\" data-element_type=\"column\">\n\t\t\t<div class=\"elementor-widget-wrap elementor-element-populated\">\n\t\t\t\t\t\t<div class=\"elementor-element elementor-element-f4bcdeb elementor-widget elementor-widget-image\" data-id=\"f4bcdeb\" data-element_type=\"widget\" data-widget_type=\"image.default\">\n\t\t\t\t<div class=\"elementor-widget-container\">\n\t\t\t\t\t\t\t\t\t\t\t\t\t<img loading=\"lazy\" decoding=\"async\" width=\"1386\" height=\"924\" src=\"http:\/\/172.16.202.26\/wp-content\/uploads\/2024\/02\/Bild4.jpg\" class=\"attachment-full size-full wp-image-21483\" alt=\"\" srcset=\"http:\/\/172.16.202.26\/wp-content\/uploads\/2024\/02\/Bild4.jpg 1386w, http:\/\/172.16.202.26\/wp-content\/uploads\/2024\/02\/Bild4-300x200.jpg 300w, http:\/\/172.16.202.26\/wp-content\/uploads\/2024\/02\/Bild4-1024x683.jpg 1024w, http:\/\/172.16.202.26\/wp-content\/uploads\/2024\/02\/Bild4-768x512.jpg 768w, http:\/\/172.16.202.26\/wp-content\/uploads\/2024\/02\/Bild4-600x400.jpg 600w\" sizes=\"(max-width: 1386px) 100vw, 1386px\" \/>\t\t\t\t\t\t\t\t\t\t\t\t\t<\/div>\n\t\t\t\t<\/div>\n\t\t\t\t<div class=\"elementor-element elementor-element-2dd5773 elementor-widget elementor-widget-heading\" data-id=\"2dd5773\" data-element_type=\"widget\" data-widget_type=\"heading.default\">\n\t\t\t\t<div class=\"elementor-widget-container\">\n\t\t\t<div class=\"elementor-heading-title elementor-size-default\">AV Elisabeth V\u00f6lk mit den Absolventen im Studium; \n<\/div>\t\t<\/div>\n\t\t\t\t<\/div>\n\t\t\t\t<div class=\"elementor-element elementor-element-7055915 elementor-widget elementor-widget-heading\" data-id=\"7055915\" data-element_type=\"widget\" data-widget_type=\"heading.default\">\n\t\t\t\t<div class=\"elementor-widget-container\">\n\t\t\t<div class=\"elementor-heading-title elementor-size-default\">von links nach rechts: Martin Holziner, Lukas Blasovsky, Peter Blohm und Julian Dietl<\/div>\t\t<\/div>\n\t\t\t\t<\/div>\n\t\t\t\t\t<\/div>\n\t\t<\/div>\n\t\t\t\t<div class=\"elementor-column elementor-col-50 elementor-top-column elementor-element elementor-element-27e416e\" data-id=\"27e416e\" data-element_type=\"column\">\n\t\t\t<div class=\"elementor-widget-wrap elementor-element-populated\">\n\t\t\t\t\t\t<div class=\"elementor-element elementor-element-3359fbc elementor-widget elementor-widget-image\" data-id=\"3359fbc\" data-element_type=\"widget\" data-widget_type=\"image.default\">\n\t\t\t\t<div class=\"elementor-widget-container\">\n\t\t\t\t\t\t\t\t\t\t\t\t\t<img loading=\"lazy\" decoding=\"async\" width=\"640\" height=\"427\" src=\"http:\/\/172.16.202.26\/wp-content\/uploads\/2024\/02\/Bild5-1024x683.jpg\" class=\"attachment-large size-large wp-image-21484\" alt=\"\" srcset=\"http:\/\/172.16.202.26\/wp-content\/uploads\/2024\/02\/Bild5-1024x683.jpg 1024w, http:\/\/172.16.202.26\/wp-content\/uploads\/2024\/02\/Bild5-300x200.jpg 300w, http:\/\/172.16.202.26\/wp-content\/uploads\/2024\/02\/Bild5-768x512.jpg 768w, http:\/\/172.16.202.26\/wp-content\/uploads\/2024\/02\/Bild5-600x400.jpg 600w, http:\/\/172.16.202.26\/wp-content\/uploads\/2024\/02\/Bild5.jpg 1386w\" sizes=\"(max-width: 640px) 100vw, 640px\" \/>\t\t\t\t\t\t\t\t\t\t\t\t\t<\/div>\n\t\t\t\t<\/div>\n\t\t\t\t<div class=\"elementor-element elementor-element-553193c elementor-widget elementor-widget-heading\" data-id=\"553193c\" data-element_type=\"widget\" data-widget_type=\"heading.default\">\n\t\t\t\t<div class=\"elementor-widget-container\">\n\t\t\t<div class=\"elementor-heading-title elementor-size-default\">Berufst\u00e4tige Absolventen des Jahrganges HBG 2020 als Vortragende:\n<\/div>\t\t<\/div>\n\t\t\t\t<\/div>\n\t\t\t\t<div class=\"elementor-element elementor-element-0f5cd5f elementor-widget elementor-widget-heading\" data-id=\"0f5cd5f\" data-element_type=\"widget\" data-widget_type=\"heading.default\">\n\t\t\t\t<div class=\"elementor-widget-container\">\n\t\t\t<div class=\"elementor-heading-title elementor-size-default\">Matthias Brinskelle, Christoph Voith, Eva Plattner, Nenad Avramovic\n<\/div>\t\t<\/div>\n\t\t\t\t<\/div>\n\t\t\t\t\t<\/div>\n\t\t<\/div>\n\t\t\t\t\t<\/div>\n\t\t<\/section>\n\t\t\t\t<section class=\"elementor-section elementor-top-section elementor-element elementor-element-cc48e42 elementor-section-boxed elementor-section-height-default elementor-section-height-default\" data-id=\"cc48e42\" data-element_type=\"section\">\n\t\t\t\t\t\t<div class=\"elementor-container elementor-column-gap-default\">\n\t\t\t\t\t<div class=\"elementor-column elementor-col-50 elementor-top-column elementor-element elementor-element-937216d\" data-id=\"937216d\" data-element_type=\"column\">\n\t\t\t<div class=\"elementor-widget-wrap elementor-element-populated\">\n\t\t\t\t\t\t<div class=\"elementor-element elementor-element-427d5c3 elementor-widget elementor-widget-image\" data-id=\"427d5c3\" data-element_type=\"widget\" data-widget_type=\"image.default\">\n\t\t\t\t<div class=\"elementor-widget-container\">\n\t\t\t\t\t\t\t\t\t\t\t\t\t<img loading=\"lazy\" decoding=\"async\" width=\"1386\" height=\"924\" src=\"http:\/\/172.16.202.26\/wp-content\/uploads\/2024\/02\/Bild6.jpg\" class=\"attachment-full size-full wp-image-21485\" alt=\"\" srcset=\"http:\/\/172.16.202.26\/wp-content\/uploads\/2024\/02\/Bild6.jpg 1386w, http:\/\/172.16.202.26\/wp-content\/uploads\/2024\/02\/Bild6-300x200.jpg 300w, http:\/\/172.16.202.26\/wp-content\/uploads\/2024\/02\/Bild6-1024x683.jpg 1024w, http:\/\/172.16.202.26\/wp-content\/uploads\/2024\/02\/Bild6-768x512.jpg 768w, http:\/\/172.16.202.26\/wp-content\/uploads\/2024\/02\/Bild6-600x400.jpg 600w\" sizes=\"(max-width: 1386px) 100vw, 1386px\" \/>\t\t\t\t\t\t\t\t\t\t\t\t\t<\/div>\n\t\t\t\t<\/div>\n\t\t\t\t<div class=\"elementor-element elementor-element-54775f9 elementor-widget elementor-widget-heading\" data-id=\"54775f9\" data-element_type=\"widget\" data-widget_type=\"heading.default\">\n\t\t\t\t<div class=\"elementor-widget-container\">\n\t\t\t<div class=\"elementor-heading-title elementor-size-default\">Alle Vortragenden und Organisatoren im Gruppenbild:<\/div>\t\t<\/div>\n\t\t\t\t<\/div>\n\t\t\t\t<div class=\"elementor-element elementor-element-f382637 elementor-widget elementor-widget-heading\" data-id=\"f382637\" data-element_type=\"widget\" data-widget_type=\"heading.default\">\n\t\t\t\t<div class=\"elementor-widget-container\">\n\t\t\t<div class=\"elementor-heading-title elementor-size-default\">Thomas Jandl, Martin Holzinger, Eva Plattner, Lukas Blazsovsky, Sebastian Mach, Elisabeth V\u00f6lk, Josef Kollmitzer, Peter Blohm, Roxane Licandro, Julian Dietl, Nenad Avramovic, Christoph Voith, Matthias Brinskelle<\/div>\t\t<\/div>\n\t\t\t\t<\/div>\n\t\t\t\t\t<\/div>\n\t\t<\/div>\n\t\t\t\t<div class=\"elementor-column elementor-col-50 elementor-top-column elementor-element elementor-element-4dfc8b3\" data-id=\"4dfc8b3\" data-element_type=\"column\">\n\t\t\t<div class=\"elementor-widget-wrap elementor-element-populated\">\n\t\t\t\t\t\t<div class=\"elementor-element elementor-element-d4adddb elementor-widget elementor-widget-image\" data-id=\"d4adddb\" data-element_type=\"widget\" data-widget_type=\"image.default\">\n\t\t\t\t<div class=\"elementor-widget-container\">\n\t\t\t\t\t\t\t\t\t\t\t\t\t<img loading=\"lazy\" decoding=\"async\" width=\"640\" height=\"427\" src=\"http:\/\/172.16.202.26\/wp-content\/uploads\/2024\/02\/Bild1-1024x683.jpg\" class=\"attachment-large size-large wp-image-21469\" alt=\"\" srcset=\"http:\/\/172.16.202.26\/wp-content\/uploads\/2024\/02\/Bild1-1024x683.jpg 1024w, http:\/\/172.16.202.26\/wp-content\/uploads\/2024\/02\/Bild1-300x200.jpg 300w, http:\/\/172.16.202.26\/wp-content\/uploads\/2024\/02\/Bild1-768x512.jpg 768w, http:\/\/172.16.202.26\/wp-content\/uploads\/2024\/02\/Bild1-600x400.jpg 600w, http:\/\/172.16.202.26\/wp-content\/uploads\/2024\/02\/Bild1.jpg 1386w\" sizes=\"(max-width: 640px) 100vw, 640px\" \/>\t\t\t\t\t\t\t\t\t\t\t\t\t<\/div>\n\t\t\t\t<\/div>\n\t\t\t\t<div class=\"elementor-element elementor-element-45ce64d elementor-widget elementor-widget-heading\" data-id=\"45ce64d\" data-element_type=\"widget\" data-widget_type=\"heading.default\">\n\t\t\t\t<div class=\"elementor-widget-container\">\n\t\t\t<div class=\"elementor-heading-title elementor-size-default\">Vortragenden und Organisatoren von links nach rechts:\n<\/div>\t\t<\/div>\n\t\t\t\t<\/div>\n\t\t\t\t<div class=\"elementor-element elementor-element-a74dede elementor-widget elementor-widget-heading\" data-id=\"a74dede\" data-element_type=\"widget\" data-widget_type=\"heading.default\">\n\t\t\t\t<div class=\"elementor-widget-container\">\n\t\t\t<div class=\"elementor-heading-title elementor-size-default\">Thomas Jandl, Martin Holzinger, Lukas Blazsovsky, Elisabeth V\u00f6lk, Peter Blohm, Julian Dietl, Josef Kollmitzer\n<\/div>\t\t<\/div>\n\t\t\t\t<\/div>\n\t\t\t\t\t<\/div>\n\t\t<\/div>\n\t\t\t\t\t<\/div>\n\t\t<\/section>\n\t\t\t\t<\/div>\n\t\t","protected":false},"excerpt":{"rendered":"<p>Erstmals gab es ein Karriere-Event f\u00fcr die Abteilungen Elektronik und Technische Informatik bzw. Biomedizin- und Gesundheitstechnik.<\/p>\n","protected":false},"author":3,"featured_media":21469,"comment_status":"closed","ping_status":"closed","sticky":false,"template":"elementor_header_footer","format":"standard","meta":[],"categories":[19,20],"tags":[71],"_links":{"self":[{"href":"http:\/\/172.16.202.26\/index.php?rest_route=\/wp\/v2\/posts\/21467"}],"collection":[{"href":"http:\/\/172.16.202.26\/index.php?rest_route=\/wp\/v2\/posts"}],"about":[{"href":"http:\/\/172.16.202.26\/index.php?rest_route=\/wp\/v2\/types\/post"}],"author":[{"embeddable":true,"href":"http:\/\/172.16.202.26\/index.php?rest_route=\/wp\/v2\/users\/3"}],"replies":[{"embeddable":true,"href":"http:\/\/172.16.202.26\/index.php?rest_route=%2Fwp%2Fv2%2Fcomments&post=21467"}],"version-history":[{"count":32,"href":"http:\/\/172.16.202.26\/index.php?rest_route=\/wp\/v2\/posts\/21467\/revisions"}],"predecessor-version":[{"id":21510,"href":"http:\/\/172.16.202.26\/index.php?rest_route=\/wp\/v2\/posts\/21467\/revisions\/21510"}],"wp:featuredmedia":[{"embeddable":true,"href":"http:\/\/172.16.202.26\/index.php?rest_route=\/wp\/v2\/media\/21469"}],"wp:attachment":[{"href":"http:\/\/172.16.202.26\/index.php?rest_route=%2Fwp%2Fv2%2Fmedia&parent=21467"}],"wp:term":[{"taxonomy":"category","embeddable":true,"href":"http:\/\/172.16.202.26\/index.php?rest_route=%2Fwp%2Fv2%2Fcategories&post=21467"},{"taxonomy":"post_tag","embeddable":true,"href":"http:\/\/172.16.202.26\/index.php?rest_route=%2Fwp%2Fv2%2Ftags&post=21467"}],"curies":[{"name":"wp","href":"https:\/\/api.w.org\/{rel}","templated":true}]}}