{"id":21575,"date":"2024-02-19T10:00:30","date_gmt":"2024-02-19T09:00:30","guid":{"rendered":"http:\/\/172.16.202.26\/?p=21575"},"modified":"2024-04-10T13:00:43","modified_gmt":"2024-04-10T11:00:43","slug":"besuch-der-firma-andritz-hydro-weiz","status":"publish","type":"post","link":"http:\/\/172.16.202.26\/?p=21575","title":{"rendered":"Besuch der Firma Andritz Hydro Weiz"},"content":{"rendered":"\t\t<div data-elementor-type=\"wp-post\" data-elementor-id=\"21575\" class=\"elementor elementor-21575\">\n\t\t\t\t\t\t<section class=\"elementor-section elementor-top-section elementor-element elementor-element-e995881 elementor-section-boxed elementor-section-height-default elementor-section-height-default\" data-id=\"e995881\" data-element_type=\"section\">\n\t\t\t\t\t\t<div class=\"elementor-container elementor-column-gap-default\">\n\t\t\t\t\t<div class=\"elementor-column elementor-col-100 elementor-top-column elementor-element elementor-element-969ad44\" data-id=\"969ad44\" data-element_type=\"column\">\n\t\t\t<div class=\"elementor-widget-wrap elementor-element-populated\">\n\t\t\t\t\t\t<div class=\"elementor-element elementor-element-1a4249c elementor-widget elementor-widget-text-editor\" data-id=\"1a4249c\" data-element_type=\"widget\" data-widget_type=\"text-editor.default\">\n\t\t\t\t<div class=\"elementor-widget-container\">\n\t\t\t<style>\/*! elementor - v3.20.0 - 13-03-2024 *\/\n.elementor-widget-text-editor.elementor-drop-cap-view-stacked .elementor-drop-cap{background-color:#69727d;color:#fff}.elementor-widget-text-editor.elementor-drop-cap-view-framed .elementor-drop-cap{color:#69727d;border:3px solid;background-color:transparent}.elementor-widget-text-editor:not(.elementor-drop-cap-view-default) .elementor-drop-cap{margin-top:8px}.elementor-widget-text-editor:not(.elementor-drop-cap-view-default) .elementor-drop-cap-letter{width:1em;height:1em}.elementor-widget-text-editor .elementor-drop-cap{float:left;text-align:center;line-height:1;font-size:50px}.elementor-widget-text-editor .elementor-drop-cap-letter{display:inline-block}<\/style>\t\t\t\t<p style=\"text-align: center;\">19.2.2024<\/p>\t\t\t\t\t\t<\/div>\n\t\t\t\t<\/div>\n\t\t\t\t\t<\/div>\n\t\t<\/div>\n\t\t\t\t\t<\/div>\n\t\t<\/section>\n\t\t\t\t<section class=\"elementor-section elementor-top-section elementor-element elementor-element-1c7c195 elementor-section-boxed elementor-section-height-default elementor-section-height-default\" data-id=\"1c7c195\" data-element_type=\"section\">\n\t\t\t\t\t\t<div class=\"elementor-container elementor-column-gap-default\">\n\t\t\t\t\t<div class=\"elementor-column elementor-col-100 elementor-top-column elementor-element elementor-element-6ab2c83\" data-id=\"6ab2c83\" data-element_type=\"column\">\n\t\t\t<div class=\"elementor-widget-wrap elementor-element-populated\">\n\t\t\t\t\t\t<div class=\"elementor-element elementor-element-1256be7 elementor-widget elementor-widget-heading\" data-id=\"1256be7\" data-element_type=\"widget\" data-widget_type=\"heading.default\">\n\t\t\t\t<div class=\"elementor-widget-container\">\n\t\t\t<style>\/*! elementor - v3.20.0 - 13-03-2024 *\/\n.elementor-heading-title{padding:0;margin:0;line-height:1}.elementor-widget-heading .elementor-heading-title[class*=elementor-size-]>a{color:inherit;font-size:inherit;line-height:inherit}.elementor-widget-heading .elementor-heading-title.elementor-size-small{font-size:15px}.elementor-widget-heading .elementor-heading-title.elementor-size-medium{font-size:19px}.elementor-widget-heading .elementor-heading-title.elementor-size-large{font-size:29px}.elementor-widget-heading .elementor-heading-title.elementor-size-xl{font-size:39px}.elementor-widget-heading .elementor-heading-title.elementor-size-xxl{font-size:59px}<\/style><h2 class=\"elementor-heading-title elementor-size-default\">Besuch der Firma Andritz Hydro Weiz<\/h2>\t\t<\/div>\n\t\t\t\t<\/div>\n\t\t\t\t\t<\/div>\n\t\t<\/div>\n\t\t\t\t\t<\/div>\n\t\t<\/section>\n\t\t\t\t<section class=\"elementor-section elementor-top-section elementor-element elementor-element-5f62f78 elementor-section-boxed elementor-section-height-default elementor-section-height-default\" data-id=\"5f62f78\" data-element_type=\"section\">\n\t\t\t\t\t\t<div class=\"elementor-container elementor-column-gap-default\">\n\t\t\t\t\t<div class=\"elementor-column elementor-col-100 elementor-top-column elementor-element elementor-element-7bcae8c\" data-id=\"7bcae8c\" data-element_type=\"column\">\n\t\t\t<div class=\"elementor-widget-wrap elementor-element-populated\">\n\t\t\t\t\t\t<div class=\"elementor-element elementor-element-876c914 elementor-widget elementor-widget-text-editor\" data-id=\"876c914\" data-element_type=\"widget\" data-widget_type=\"text-editor.default\">\n\t\t\t\t<div class=\"elementor-widget-container\">\n\t\t\t\t\t\t\t<p>\u201eIn einem wankenden Schiff f\u00e4llt um, wer still steht, nicht wer sich bewegt.\u201c Ludwig B\u00f6rne<\/p><p><br \/>Dass Bewegung in Energie umgewandelt werden kann, das konnten die Sch\u00fcler:innen der 2A und der 2C der H\u00f6heren Abteilung f\u00fcr Maschinenbau hautnah und live am 14. Februar 2024 anl\u00e4sslich eines Besuchs der Firma Andritz Hydro GmbH in Weiz miterleben.<\/p>\t\t\t\t\t\t<\/div>\n\t\t\t\t<\/div>\n\t\t\t\t\t<\/div>\n\t\t<\/div>\n\t\t\t\t\t<\/div>\n\t\t<\/section>\n\t\t\t\t<section class=\"elementor-section elementor-top-section elementor-element elementor-element-a3593aa elementor-section-boxed elementor-section-height-default elementor-section-height-default\" data-id=\"a3593aa\" data-element_type=\"section\">\n\t\t\t\t\t\t<div class=\"elementor-container elementor-column-gap-default\">\n\t\t\t\t\t<div class=\"elementor-column elementor-col-100 elementor-top-column elementor-element elementor-element-d8d7223\" data-id=\"d8d7223\" data-element_type=\"column\">\n\t\t\t<div class=\"elementor-widget-wrap elementor-element-populated\">\n\t\t\t\t\t\t<div class=\"elementor-element elementor-element-d0273b5 elementor-widget elementor-widget-image\" data-id=\"d0273b5\" data-element_type=\"widget\" data-widget_type=\"image.default\">\n\t\t\t\t<div class=\"elementor-widget-container\">\n\t\t\t<style>\/*! elementor - v3.20.0 - 13-03-2024 *\/\n.elementor-widget-image{text-align:center}.elementor-widget-image a{display:inline-block}.elementor-widget-image a img[src$=\".svg\"]{width:48px}.elementor-widget-image img{vertical-align:middle;display:inline-block}<\/style>\t\t\t\t\t\t\t\t\t\t<img fetchpriority=\"high\" decoding=\"async\" width=\"640\" height=\"853\" src=\"http:\/\/172.16.202.26\/wp-content\/uploads\/2024\/02\/20240214_121305.jpg\" class=\"attachment-medium_large size-medium_large wp-image-21579\" alt=\"\" srcset=\"http:\/\/172.16.202.26\/wp-content\/uploads\/2024\/02\/20240214_121305.jpg 750w, http:\/\/172.16.202.26\/wp-content\/uploads\/2024\/02\/20240214_121305-225x300.jpg 225w\" sizes=\"(max-width: 640px) 100vw, 640px\" \/>\t\t\t\t\t\t\t\t\t\t\t\t\t<\/div>\n\t\t\t\t<\/div>\n\t\t\t\t\t<\/div>\n\t\t<\/div>\n\t\t\t\t\t<\/div>\n\t\t<\/section>\n\t\t\t\t<section class=\"elementor-section elementor-top-section elementor-element elementor-element-379a3d9 elementor-section-boxed elementor-section-height-default elementor-section-height-default\" data-id=\"379a3d9\" data-element_type=\"section\">\n\t\t\t\t\t\t<div class=\"elementor-container elementor-column-gap-default\">\n\t\t\t\t\t<div class=\"elementor-column elementor-col-100 elementor-top-column elementor-element elementor-element-fbaa411\" data-id=\"fbaa411\" data-element_type=\"column\">\n\t\t\t<div class=\"elementor-widget-wrap elementor-element-populated\">\n\t\t\t\t\t\t<div class=\"elementor-element elementor-element-bc1134e elementor-widget elementor-widget-text-editor\" data-id=\"bc1134e\" data-element_type=\"widget\" data-widget_type=\"text-editor.default\">\n\t\t\t\t<div class=\"elementor-widget-container\">\n\t\t\t\t\t\t\t<p>Der Standort Weiz ist das weltwiete Forschungs- und Kompetenzzentrum f\u00fcr Wasserkraft- und Turbogeneratoren. Die Fertigung umfasst die Produktion von mechanischen Kernkomponenten, aller elektrischen Aktivkomponenten, sowie die Generatoren Komplettmontage.<\/p><p><br \/>Im Zuge dieses Besuchs erlebten wir eine Werksf\u00fchrung, die widerspiegelte, dass eine gro\u00dfe Anzahl an Verfahren, die im fachpraktischen Unterricht in den Werkst\u00e4tten und im Theorieunterricht gelehrt werden, in wesentlich gr\u00f6\u00dferen Dimensionen in der industriellen Fertigung tats\u00e4chlich zur Anwendung kommen.<\/p><p><br \/>Der so freundliche Empfang der Mitarbeiter:innen des Unternehmens, die ausf\u00fchrliche Beantwortung all unserer Fragen, nicht zuletzt die hervorragende Jause, die wir im Anschluss an die Werksf\u00fchrung erhielten und der anschlie\u00dfende Besuch in der Zotter Schokoladenfabrik in Riegersburg, machten den Tag zu einem unvergesslichen Erlebnis.<\/p><p><br \/>(Gabriele Pauliny)<\/p>\t\t\t\t\t\t<\/div>\n\t\t\t\t<\/div>\n\t\t\t\t\t<\/div>\n\t\t<\/div>\n\t\t\t\t\t<\/div>\n\t\t<\/section>\n\t\t\t\t<section class=\"elementor-section elementor-top-section elementor-element elementor-element-85a50cc elementor-section-boxed elementor-section-height-default elementor-section-height-default\" data-id=\"85a50cc\" data-element_type=\"section\">\n\t\t\t\t\t\t<div class=\"elementor-container elementor-column-gap-default\">\n\t\t\t\t\t<div class=\"elementor-column elementor-col-50 elementor-top-column elementor-element elementor-element-45169ce\" data-id=\"45169ce\" data-element_type=\"column\">\n\t\t\t<div class=\"elementor-widget-wrap elementor-element-populated\">\n\t\t\t\t\t\t<div class=\"elementor-element elementor-element-d130c1a elementor-widget elementor-widget-image\" data-id=\"d130c1a\" data-element_type=\"widget\" data-widget_type=\"image.default\">\n\t\t\t\t<div class=\"elementor-widget-container\">\n\t\t\t\t\t\t\t\t\t\t\t\t\t<img decoding=\"async\" width=\"640\" height=\"480\" src=\"http:\/\/172.16.202.26\/wp-content\/uploads\/2024\/02\/20240214_115150-1024x768.jpg\" class=\"attachment-large size-large wp-image-21578\" alt=\"\" srcset=\"http:\/\/172.16.202.26\/wp-content\/uploads\/2024\/02\/20240214_115150-1024x768.jpg 1024w, http:\/\/172.16.202.26\/wp-content\/uploads\/2024\/02\/20240214_115150-300x225.jpg 300w, http:\/\/172.16.202.26\/wp-content\/uploads\/2024\/02\/20240214_115150-768x576.jpg 768w, http:\/\/172.16.202.26\/wp-content\/uploads\/2024\/02\/20240214_115150.jpg 1156w\" sizes=\"(max-width: 640px) 100vw, 640px\" \/>\t\t\t\t\t\t\t\t\t\t\t\t\t<\/div>\n\t\t\t\t<\/div>\n\t\t\t\t\t<\/div>\n\t\t<\/div>\n\t\t\t\t<div class=\"elementor-column elementor-col-50 elementor-top-column elementor-element elementor-element-9990730\" data-id=\"9990730\" data-element_type=\"column\">\n\t\t\t<div class=\"elementor-widget-wrap elementor-element-populated\">\n\t\t\t\t\t\t<div class=\"elementor-element elementor-element-bc62bba elementor-widget elementor-widget-image\" data-id=\"bc62bba\" data-element_type=\"widget\" data-widget_type=\"image.default\">\n\t\t\t\t<div class=\"elementor-widget-container\">\n\t\t\t\t\t\t\t\t\t\t\t\t\t<img decoding=\"async\" width=\"640\" height=\"480\" src=\"http:\/\/172.16.202.26\/wp-content\/uploads\/2024\/02\/20240214_114523-1024x768.jpg\" class=\"attachment-large size-large wp-image-21577\" alt=\"\" srcset=\"http:\/\/172.16.202.26\/wp-content\/uploads\/2024\/02\/20240214_114523-1024x768.jpg 1024w, http:\/\/172.16.202.26\/wp-content\/uploads\/2024\/02\/20240214_114523-300x225.jpg 300w, http:\/\/172.16.202.26\/wp-content\/uploads\/2024\/02\/20240214_114523-768x576.jpg 768w, http:\/\/172.16.202.26\/wp-content\/uploads\/2024\/02\/20240214_114523.jpg 1156w\" sizes=\"(max-width: 640px) 100vw, 640px\" \/>\t\t\t\t\t\t\t\t\t\t\t\t\t<\/div>\n\t\t\t\t<\/div>\n\t\t\t\t\t<\/div>\n\t\t<\/div>\n\t\t\t\t\t<\/div>\n\t\t<\/section>\n\t\t\t\t<\/div>\n\t\t","protected":false},"excerpt":{"rendered":"<p>Am 14. Februar 2024 besuchten Sch\u00fcler:innen der 2A und der 2C der H\u00f6heren Abteilung f\u00fcr Maschinenbau die Firma Andritz Hydro GmbH in Weiz.<\/p>\n","protected":false},"author":3,"featured_media":21579,"comment_status":"closed","ping_status":"closed","sticky":false,"template":"elementor_header_footer","format":"standard","meta":[],"categories":[24],"tags":[71],"_links":{"self":[{"href":"http:\/\/172.16.202.26\/index.php?rest_route=\/wp\/v2\/posts\/21575"}],"collection":[{"href":"http:\/\/172.16.202.26\/index.php?rest_route=\/wp\/v2\/posts"}],"about":[{"href":"http:\/\/172.16.202.26\/index.php?rest_route=\/wp\/v2\/types\/post"}],"author":[{"embeddable":true,"href":"http:\/\/172.16.202.26\/index.php?rest_route=\/wp\/v2\/users\/3"}],"replies":[{"embeddable":true,"href":"http:\/\/172.16.202.26\/index.php?rest_route=%2Fwp%2Fv2%2Fcomments&post=21575"}],"version-history":[{"count":8,"href":"http:\/\/172.16.202.26\/index.php?rest_route=\/wp\/v2\/posts\/21575\/revisions"}],"predecessor-version":[{"id":21602,"href":"http:\/\/172.16.202.26\/index.php?rest_route=\/wp\/v2\/posts\/21575\/revisions\/21602"}],"wp:featuredmedia":[{"embeddable":true,"href":"http:\/\/172.16.202.26\/index.php?rest_route=\/wp\/v2\/media\/21579"}],"wp:attachment":[{"href":"http:\/\/172.16.202.26\/index.php?rest_route=%2Fwp%2Fv2%2Fmedia&parent=21575"}],"wp:term":[{"taxonomy":"category","embeddable":true,"href":"http:\/\/172.16.202.26\/index.php?rest_route=%2Fwp%2Fv2%2Fcategories&post=21575"},{"taxonomy":"post_tag","embeddable":true,"href":"http:\/\/172.16.202.26\/index.php?rest_route=%2Fwp%2Fv2%2Ftags&post=21575"}],"curies":[{"name":"wp","href":"https:\/\/api.w.org\/{rel}","templated":true}]}}