{"id":25382,"date":"2025-05-07T08:23:08","date_gmt":"2025-05-07T06:23:08","guid":{"rendered":"http:\/\/172.16.202.26\/?p=25382"},"modified":"2025-08-27T13:25:13","modified_gmt":"2025-08-27T11:25:13","slug":"besuch-bei-der-fa-porsche-inter-auto","status":"publish","type":"post","link":"http:\/\/172.16.202.26\/?p=25382","title":{"rendered":"Besuch bei der Fa. Porsche Inter Auto"},"content":{"rendered":"\t\t<div data-elementor-type=\"wp-post\" data-elementor-id=\"25382\" class=\"elementor elementor-25382\">\n\t\t\t\t\t\t<section class=\"elementor-section elementor-top-section elementor-element elementor-element-e995881 elementor-section-boxed elementor-section-height-default elementor-section-height-default\" data-id=\"e995881\" data-element_type=\"section\">\n\t\t\t\t\t\t<div class=\"elementor-container elementor-column-gap-default\">\n\t\t\t\t\t<div class=\"elementor-column elementor-col-100 elementor-top-column elementor-element elementor-element-969ad44\" data-id=\"969ad44\" data-element_type=\"column\">\n\t\t\t<div class=\"elementor-widget-wrap elementor-element-populated\">\n\t\t\t\t\t\t<div class=\"elementor-element elementor-element-1a4249c elementor-widget elementor-widget-text-editor\" data-id=\"1a4249c\" data-element_type=\"widget\" data-widget_type=\"text-editor.default\">\n\t\t\t\t<div class=\"elementor-widget-container\">\n\t\t\t<style>\/*! elementor - v3.20.0 - 13-03-2024 *\/\n.elementor-widget-text-editor.elementor-drop-cap-view-stacked .elementor-drop-cap{background-color:#69727d;color:#fff}.elementor-widget-text-editor.elementor-drop-cap-view-framed .elementor-drop-cap{color:#69727d;border:3px solid;background-color:transparent}.elementor-widget-text-editor:not(.elementor-drop-cap-view-default) .elementor-drop-cap{margin-top:8px}.elementor-widget-text-editor:not(.elementor-drop-cap-view-default) .elementor-drop-cap-letter{width:1em;height:1em}.elementor-widget-text-editor .elementor-drop-cap{float:left;text-align:center;line-height:1;font-size:50px}.elementor-widget-text-editor .elementor-drop-cap-letter{display:inline-block}<\/style>\t\t\t\t<p style=\"text-align: center;\">7.5.2025<\/p>\t\t\t\t\t\t<\/div>\n\t\t\t\t<\/div>\n\t\t\t\t\t<\/div>\n\t\t<\/div>\n\t\t\t\t\t<\/div>\n\t\t<\/section>\n\t\t\t\t<section class=\"elementor-section elementor-top-section elementor-element elementor-element-1c7c195 elementor-section-boxed elementor-section-height-default elementor-section-height-default\" data-id=\"1c7c195\" data-element_type=\"section\">\n\t\t\t\t\t\t<div class=\"elementor-container elementor-column-gap-default\">\n\t\t\t\t\t<div class=\"elementor-column elementor-col-100 elementor-top-column elementor-element elementor-element-6ab2c83\" data-id=\"6ab2c83\" data-element_type=\"column\">\n\t\t\t<div class=\"elementor-widget-wrap elementor-element-populated\">\n\t\t\t\t\t\t<div class=\"elementor-element elementor-element-1256be7 elementor-widget elementor-widget-heading\" data-id=\"1256be7\" data-element_type=\"widget\" data-widget_type=\"heading.default\">\n\t\t\t\t<div class=\"elementor-widget-container\">\n\t\t\t<style>\/*! elementor - v3.20.0 - 13-03-2024 *\/\n.elementor-heading-title{padding:0;margin:0;line-height:1}.elementor-widget-heading .elementor-heading-title[class*=elementor-size-]>a{color:inherit;font-size:inherit;line-height:inherit}.elementor-widget-heading .elementor-heading-title.elementor-size-small{font-size:15px}.elementor-widget-heading .elementor-heading-title.elementor-size-medium{font-size:19px}.elementor-widget-heading .elementor-heading-title.elementor-size-large{font-size:29px}.elementor-widget-heading .elementor-heading-title.elementor-size-xl{font-size:39px}.elementor-widget-heading .elementor-heading-title.elementor-size-xxl{font-size:59px}<\/style><h2 class=\"elementor-heading-title elementor-size-default\">Besuch der Fa. Porsche Inter Auto<\/h2>\t\t<\/div>\n\t\t\t\t<\/div>\n\t\t\t\t\t<\/div>\n\t\t<\/div>\n\t\t\t\t\t<\/div>\n\t\t<\/section>\n\t\t\t\t<section class=\"elementor-section elementor-top-section elementor-element elementor-element-5f62f78 elementor-section-boxed elementor-section-height-default elementor-section-height-default\" data-id=\"5f62f78\" data-element_type=\"section\">\n\t\t\t\t\t\t<div class=\"elementor-container elementor-column-gap-default\">\n\t\t\t\t\t<div class=\"elementor-column elementor-col-100 elementor-top-column elementor-element elementor-element-7bcae8c\" data-id=\"7bcae8c\" data-element_type=\"column\">\n\t\t\t<div class=\"elementor-widget-wrap elementor-element-populated\">\n\t\t\t\t\t\t<div class=\"elementor-element elementor-element-876c914 elementor-widget elementor-widget-text-editor\" data-id=\"876c914\" data-element_type=\"widget\" data-widget_type=\"text-editor.default\">\n\t\t\t\t<div class=\"elementor-widget-container\">\n\t\t\t\t\t\t\t<p>Der 3. Jahrgang der Maschinenbauabteilung mit Schwerpunkt Kraftfahrzeugtechnik folgte am 28. M\u00e4rz einer Einladung der Firma Porsche Inter Auto in der Muthgasse.&nbsp;<\/p>\n<p>Der Werkstattleiter, Herr Steinkelner, f\u00fchrte die Sch\u00fcler durch das Autohaus, das mit seinen vier Etagen einzigartig ist. In der gro\u00dfz\u00fcgig gestalteten Werkst\u00e4tte unterst\u00fctzt ein Transportroboter die Techniker, indem er sie mit dem ben\u00f6tigten Material versorgt.&nbsp;<\/p><p>Fachlehrer Herr Sch\u00fcller bedankte sich abschlie\u00dfend bei Herrn Steinkelner f\u00fcr die interessante F\u00fchrung.<\/p>\t\t\t\t\t\t<\/div>\n\t\t\t\t<\/div>\n\t\t\t\t\t<\/div>\n\t\t<\/div>\n\t\t\t\t\t<\/div>\n\t\t<\/section>\n\t\t\t\t<section class=\"elementor-section elementor-top-section elementor-element elementor-element-394666c elementor-section-boxed elementor-section-height-default elementor-section-height-default\" data-id=\"394666c\" data-element_type=\"section\">\n\t\t\t\t\t\t<div class=\"elementor-container elementor-column-gap-default\">\n\t\t\t\t\t<div class=\"elementor-column elementor-col-50 elementor-top-column elementor-element elementor-element-f571c15\" data-id=\"f571c15\" data-element_type=\"column\">\n\t\t\t<div class=\"elementor-widget-wrap elementor-element-populated\">\n\t\t\t\t\t\t<div class=\"elementor-element elementor-element-8edab48 elementor-widget elementor-widget-image\" data-id=\"8edab48\" data-element_type=\"widget\" data-widget_type=\"image.default\">\n\t\t\t\t<div class=\"elementor-widget-container\">\n\t\t\t<style>\/*! elementor - v3.20.0 - 13-03-2024 *\/\n.elementor-widget-image{text-align:center}.elementor-widget-image a{display:inline-block}.elementor-widget-image a img[src$=\".svg\"]{width:48px}.elementor-widget-image img{vertical-align:middle;display:inline-block}<\/style>\t\t\t\t\t\t\t\t\t\t<img fetchpriority=\"high\" decoding=\"async\" width=\"2560\" height=\"1137\" src=\"http:\/\/172.16.202.26\/wp-content\/uploads\/2025\/05\/1000074213-scaled.jpg\" class=\"attachment-full size-full wp-image-25385\" alt=\"\" srcset=\"http:\/\/172.16.202.26\/wp-content\/uploads\/2025\/05\/1000074213-scaled.jpg 2560w, http:\/\/172.16.202.26\/wp-content\/uploads\/2025\/05\/1000074213-300x133.jpg 300w, http:\/\/172.16.202.26\/wp-content\/uploads\/2025\/05\/1000074213-1024x455.jpg 1024w, http:\/\/172.16.202.26\/wp-content\/uploads\/2025\/05\/1000074213-768x341.jpg 768w, http:\/\/172.16.202.26\/wp-content\/uploads\/2025\/05\/1000074213-1536x682.jpg 1536w, http:\/\/172.16.202.26\/wp-content\/uploads\/2025\/05\/1000074213-2048x910.jpg 2048w\" sizes=\"(max-width: 2560px) 100vw, 2560px\" \/>\t\t\t\t\t\t\t\t\t\t\t\t\t<\/div>\n\t\t\t\t<\/div>\n\t\t\t\t\t<\/div>\n\t\t<\/div>\n\t\t\t\t<div class=\"elementor-column elementor-col-50 elementor-top-column elementor-element elementor-element-d2746e8\" data-id=\"d2746e8\" data-element_type=\"column\">\n\t\t\t<div class=\"elementor-widget-wrap elementor-element-populated\">\n\t\t\t\t\t\t<div class=\"elementor-element elementor-element-ce6135e elementor-widget elementor-widget-image\" data-id=\"ce6135e\" data-element_type=\"widget\" data-widget_type=\"image.default\">\n\t\t\t\t<div class=\"elementor-widget-container\">\n\t\t\t\t\t\t\t\t\t\t\t\t\t<img decoding=\"async\" width=\"1080\" height=\"1424\" src=\"http:\/\/172.16.202.26\/wp-content\/uploads\/2025\/05\/1000079216.jpg\" class=\"attachment-full size-full wp-image-25384\" alt=\"\" srcset=\"http:\/\/172.16.202.26\/wp-content\/uploads\/2025\/05\/1000079216.jpg 1080w, http:\/\/172.16.202.26\/wp-content\/uploads\/2025\/05\/1000079216-228x300.jpg 228w, http:\/\/172.16.202.26\/wp-content\/uploads\/2025\/05\/1000079216-777x1024.jpg 777w, http:\/\/172.16.202.26\/wp-content\/uploads\/2025\/05\/1000079216-768x1013.jpg 768w\" sizes=\"(max-width: 1080px) 100vw, 1080px\" \/>\t\t\t\t\t\t\t\t\t\t\t\t\t<\/div>\n\t\t\t\t<\/div>\n\t\t\t\t\t<\/div>\n\t\t<\/div>\n\t\t\t\t\t<\/div>\n\t\t<\/section>\n\t\t\t\t<\/div>\n\t\t","protected":false},"excerpt":{"rendered":"<p>Der 3. Jahrgang der Maschinenbauabteilung mit Schwerpunkt Kraftfahrzeugtechnik besuchte die Firma Porsche Inter Auto in der Muthgasse.<\/p>\n","protected":false},"author":3,"featured_media":25385,"comment_status":"closed","ping_status":"closed","sticky":false,"template":"elementor_header_footer","format":"standard","meta":[],"categories":[24],"tags":[71],"_links":{"self":[{"href":"http:\/\/172.16.202.26\/index.php?rest_route=\/wp\/v2\/posts\/25382"}],"collection":[{"href":"http:\/\/172.16.202.26\/index.php?rest_route=\/wp\/v2\/posts"}],"about":[{"href":"http:\/\/172.16.202.26\/index.php?rest_route=\/wp\/v2\/types\/post"}],"author":[{"embeddable":true,"href":"http:\/\/172.16.202.26\/index.php?rest_route=\/wp\/v2\/users\/3"}],"replies":[{"embeddable":true,"href":"http:\/\/172.16.202.26\/index.php?rest_route=%2Fwp%2Fv2%2Fcomments&post=25382"}],"version-history":[{"count":5,"href":"http:\/\/172.16.202.26\/index.php?rest_route=\/wp\/v2\/posts\/25382\/revisions"}],"predecessor-version":[{"id":25390,"href":"http:\/\/172.16.202.26\/index.php?rest_route=\/wp\/v2\/posts\/25382\/revisions\/25390"}],"wp:featuredmedia":[{"embeddable":true,"href":"http:\/\/172.16.202.26\/index.php?rest_route=\/wp\/v2\/media\/25385"}],"wp:attachment":[{"href":"http:\/\/172.16.202.26\/index.php?rest_route=%2Fwp%2Fv2%2Fmedia&parent=25382"}],"wp:term":[{"taxonomy":"category","embeddable":true,"href":"http:\/\/172.16.202.26\/index.php?rest_route=%2Fwp%2Fv2%2Fcategories&post=25382"},{"taxonomy":"post_tag","embeddable":true,"href":"http:\/\/172.16.202.26\/index.php?rest_route=%2Fwp%2Fv2%2Ftags&post=25382"}],"curies":[{"name":"wp","href":"https:\/\/api.w.org\/{rel}","templated":true}]}}