{"id":5014,"date":"2022-05-03T06:33:46","date_gmt":"2022-05-03T04:33:46","guid":{"rendered":"http:\/\/192.189.51.53\/?p=5014"},"modified":"2023-07-25T09:37:17","modified_gmt":"2023-07-25T07:37:17","slug":"erasmus_pamplona","status":"publish","type":"post","link":"http:\/\/172.16.202.26\/?p=5014","title":{"rendered":"ERASMUS+ Short Mobility in Pamplona"},"content":{"rendered":"\t\t<div data-elementor-type=\"wp-post\" data-elementor-id=\"5014\" class=\"elementor elementor-5014\">\n\t\t\t\t\t\t<section class=\"elementor-section elementor-top-section elementor-element elementor-element-e995881 elementor-section-boxed elementor-section-height-default elementor-section-height-default\" data-id=\"e995881\" data-element_type=\"section\">\n\t\t\t\t\t\t<div class=\"elementor-container elementor-column-gap-default\">\n\t\t\t\t\t<div class=\"elementor-column elementor-col-100 elementor-top-column elementor-element elementor-element-969ad44\" data-id=\"969ad44\" data-element_type=\"column\">\n\t\t\t<div class=\"elementor-widget-wrap elementor-element-populated\">\n\t\t\t\t\t\t<div class=\"elementor-element elementor-element-1a4249c elementor-widget elementor-widget-text-editor\" data-id=\"1a4249c\" data-element_type=\"widget\" data-widget_type=\"text-editor.default\">\n\t\t\t\t<div class=\"elementor-widget-container\">\n\t\t\t<style>\/*! elementor - v3.20.0 - 13-03-2024 *\/\n.elementor-widget-text-editor.elementor-drop-cap-view-stacked .elementor-drop-cap{background-color:#69727d;color:#fff}.elementor-widget-text-editor.elementor-drop-cap-view-framed .elementor-drop-cap{color:#69727d;border:3px solid;background-color:transparent}.elementor-widget-text-editor:not(.elementor-drop-cap-view-default) .elementor-drop-cap{margin-top:8px}.elementor-widget-text-editor:not(.elementor-drop-cap-view-default) .elementor-drop-cap-letter{width:1em;height:1em}.elementor-widget-text-editor .elementor-drop-cap{float:left;text-align:center;line-height:1;font-size:50px}.elementor-widget-text-editor .elementor-drop-cap-letter{display:inline-block}<\/style>\t\t\t\t<p style=\"text-align: center;\">2.4.2022<\/p>\t\t\t\t\t\t<\/div>\n\t\t\t\t<\/div>\n\t\t\t\t\t<\/div>\n\t\t<\/div>\n\t\t\t\t\t<\/div>\n\t\t<\/section>\n\t\t\t\t<section class=\"elementor-section elementor-top-section elementor-element elementor-element-1c7c195 elementor-section-boxed elementor-section-height-default elementor-section-height-default\" data-id=\"1c7c195\" data-element_type=\"section\">\n\t\t\t\t\t\t<div class=\"elementor-container elementor-column-gap-default\">\n\t\t\t\t\t<div class=\"elementor-column elementor-col-100 elementor-top-column elementor-element elementor-element-6ab2c83\" data-id=\"6ab2c83\" data-element_type=\"column\">\n\t\t\t<div class=\"elementor-widget-wrap elementor-element-populated\">\n\t\t\t\t\t\t<div class=\"elementor-element elementor-element-1256be7 elementor-widget elementor-widget-heading\" data-id=\"1256be7\" data-element_type=\"widget\" data-widget_type=\"heading.default\">\n\t\t\t\t<div class=\"elementor-widget-container\">\n\t\t\t<style>\/*! elementor - v3.20.0 - 13-03-2024 *\/\n.elementor-heading-title{padding:0;margin:0;line-height:1}.elementor-widget-heading .elementor-heading-title[class*=elementor-size-]>a{color:inherit;font-size:inherit;line-height:inherit}.elementor-widget-heading .elementor-heading-title.elementor-size-small{font-size:15px}.elementor-widget-heading .elementor-heading-title.elementor-size-medium{font-size:19px}.elementor-widget-heading .elementor-heading-title.elementor-size-large{font-size:29px}.elementor-widget-heading .elementor-heading-title.elementor-size-xl{font-size:39px}.elementor-widget-heading .elementor-heading-title.elementor-size-xxl{font-size:59px}<\/style><h2 class=\"elementor-heading-title elementor-size-default\">ERASMUS+ Short Mobility in Pamplona<\/h2>\t\t<\/div>\n\t\t\t\t<\/div>\n\t\t\t\t\t<\/div>\n\t\t<\/div>\n\t\t\t\t\t<\/div>\n\t\t<\/section>\n\t\t\t\t<section class=\"elementor-section elementor-top-section elementor-element elementor-element-c19439e elementor-section-boxed elementor-section-height-default elementor-section-height-default\" data-id=\"c19439e\" data-element_type=\"section\">\n\t\t\t\t\t\t<div class=\"elementor-container elementor-column-gap-default\">\n\t\t\t\t\t<div class=\"elementor-column elementor-col-100 elementor-top-column elementor-element elementor-element-91f1f48\" data-id=\"91f1f48\" data-element_type=\"column\">\n\t\t\t<div class=\"elementor-widget-wrap elementor-element-populated\">\n\t\t\t\t\t\t<div class=\"elementor-element elementor-element-1eb6783 elementor-widget elementor-widget-image\" data-id=\"1eb6783\" data-element_type=\"widget\" data-widget_type=\"image.default\">\n\t\t\t\t<div class=\"elementor-widget-container\">\n\t\t\t<style>\/*! elementor - v3.20.0 - 13-03-2024 *\/\n.elementor-widget-image{text-align:center}.elementor-widget-image a{display:inline-block}.elementor-widget-image a img[src$=\".svg\"]{width:48px}.elementor-widget-image img{vertical-align:middle;display:inline-block}<\/style>\t\t\t\t\t\t\t\t\t\t<img fetchpriority=\"high\" decoding=\"async\" width=\"1597\" height=\"819\" src=\"http:\/\/172.16.202.26\/wp-content\/uploads\/2022\/05\/2.png\" class=\"attachment-full size-full wp-image-5016\" alt=\"\" srcset=\"http:\/\/172.16.202.26\/wp-content\/uploads\/2022\/05\/2.png 1597w, http:\/\/172.16.202.26\/wp-content\/uploads\/2022\/05\/2-300x154.png 300w, http:\/\/172.16.202.26\/wp-content\/uploads\/2022\/05\/2-1024x525.png 1024w, http:\/\/172.16.202.26\/wp-content\/uploads\/2022\/05\/2-768x394.png 768w, http:\/\/172.16.202.26\/wp-content\/uploads\/2022\/05\/2-1536x788.png 1536w\" sizes=\"(max-width: 1597px) 100vw, 1597px\" \/>\t\t\t\t\t\t\t\t\t\t\t\t\t<\/div>\n\t\t\t\t<\/div>\n\t\t\t\t\t<\/div>\n\t\t<\/div>\n\t\t\t\t\t<\/div>\n\t\t<\/section>\n\t\t\t\t<section class=\"elementor-section elementor-top-section elementor-element elementor-element-10eade5 elementor-section-boxed elementor-section-height-default elementor-section-height-default\" data-id=\"10eade5\" data-element_type=\"section\">\n\t\t\t\t\t\t<div class=\"elementor-container elementor-column-gap-default\">\n\t\t\t\t\t<div class=\"elementor-column elementor-col-100 elementor-top-column elementor-element elementor-element-e4ef598\" data-id=\"e4ef598\" data-element_type=\"column\">\n\t\t\t<div class=\"elementor-widget-wrap elementor-element-populated\">\n\t\t\t\t\t\t<div class=\"elementor-element elementor-element-e26ce67 elementor-widget elementor-widget-text-editor\" data-id=\"e26ce67\" data-element_type=\"widget\" data-widget_type=\"text-editor.default\">\n\t\t\t\t<div class=\"elementor-widget-container\">\n\t\t\t\t\t\t\t<div data-mobiledoc=\"{&quot;version&quot;:&quot;0.3.2&quot;,&quot;atoms&quot;:[],&quot;cards&quot;:[],&quot;markups&quot;:[],&quot;sections&quot;:[[1,&quot;p&quot;,[[0,[],0,&quot;Vom 26.3. bis 2.4.2022 war eine Delegation unserer Abteilung im Rahmen unseres ERASMUS+ Projekt BRAIINS (Bring AI In Schools) auf Austauschwoche in Pamplona, Spanien. Diesmal waren es haupts\u00e4chlich Sch\u00fcler*innen aus den Lernb\u00fcro-Abschlussklassen, die sich im Rahmen eines Diplomprojekts mit dem NAO-Roboter besch\u00e4ftigten. Im Vordergrund dieser Short-Mobility stand jedoch der kulturelle Austausch.&quot;]]]]}\">\n<div>\n<p>Vom 26.3. bis 2.4.2022 war eine Delegation unserer Abteilung im Rahmen unseres ERASMUS+ Projekt BRAIINS (Bring AI In Schools) auf Austauschwoche in Pamplona, Spanien. Diesmal waren es haupts\u00e4chlich Sch\u00fcler*innen aus den Lernb\u00fcro-Abschlussklassen, die sich im Rahmen eines Diplomprojekts mit dem NAO-Roboter besch\u00e4ftigten. Im Vordergrund dieser Short-Mobility stand jedoch der kulturelle Austausch.<\/p>\n<\/div>\n<\/div>\t\t\t\t\t\t<\/div>\n\t\t\t\t<\/div>\n\t\t\t\t\t<\/div>\n\t\t<\/div>\n\t\t\t\t\t<\/div>\n\t\t<\/section>\n\t\t\t\t<section class=\"elementor-section elementor-top-section elementor-element elementor-element-3f9e761 elementor-section-boxed elementor-section-height-default elementor-section-height-default\" data-id=\"3f9e761\" data-element_type=\"section\">\n\t\t\t\t\t\t<div class=\"elementor-container elementor-column-gap-default\">\n\t\t\t\t\t<div class=\"elementor-column elementor-col-100 elementor-top-column elementor-element elementor-element-8d09f5a\" data-id=\"8d09f5a\" data-element_type=\"column\">\n\t\t\t<div class=\"elementor-widget-wrap elementor-element-populated\">\n\t\t\t\t\t\t<div class=\"elementor-element elementor-element-08f8954 elementor-widget elementor-widget-image\" data-id=\"08f8954\" data-element_type=\"widget\" data-widget_type=\"image.default\">\n\t\t\t\t<div class=\"elementor-widget-container\">\n\t\t\t\t\t\t\t\t\t\t\t\t\t<img decoding=\"async\" width=\"640\" height=\"640\" src=\"http:\/\/172.16.202.26\/wp-content\/uploads\/2022\/05\/3-768x768.jpg\" class=\"attachment-medium_large size-medium_large wp-image-5017\" alt=\"\" srcset=\"http:\/\/172.16.202.26\/wp-content\/uploads\/2022\/05\/3-768x768.jpg 768w, http:\/\/172.16.202.26\/wp-content\/uploads\/2022\/05\/3-300x300.jpg 300w, http:\/\/172.16.202.26\/wp-content\/uploads\/2022\/05\/3-1024x1024.jpg 1024w, http:\/\/172.16.202.26\/wp-content\/uploads\/2022\/05\/3-150x150.jpg 150w, http:\/\/172.16.202.26\/wp-content\/uploads\/2022\/05\/3-1536x1536.jpg 1536w, http:\/\/172.16.202.26\/wp-content\/uploads\/2022\/05\/3.jpg 2000w\" sizes=\"(max-width: 640px) 100vw, 640px\" \/>\t\t\t\t\t\t\t\t\t\t\t\t\t<\/div>\n\t\t\t\t<\/div>\n\t\t\t\t\t<\/div>\n\t\t<\/div>\n\t\t\t\t\t<\/div>\n\t\t<\/section>\n\t\t\t\t<section class=\"elementor-section elementor-top-section elementor-element elementor-element-7d690ba elementor-section-boxed elementor-section-height-default elementor-section-height-default\" data-id=\"7d690ba\" data-element_type=\"section\">\n\t\t\t\t\t\t<div class=\"elementor-container elementor-column-gap-default\">\n\t\t\t\t\t<div class=\"elementor-column elementor-col-100 elementor-top-column elementor-element elementor-element-b329f38\" data-id=\"b329f38\" data-element_type=\"column\">\n\t\t\t<div class=\"elementor-widget-wrap elementor-element-populated\">\n\t\t\t\t\t\t<div class=\"elementor-element elementor-element-cde0ba0 elementor-widget elementor-widget-text-editor\" data-id=\"cde0ba0\" data-element_type=\"widget\" data-widget_type=\"text-editor.default\">\n\t\t\t\t<div class=\"elementor-widget-container\">\n\t\t\t\t\t\t\t<p>Dies merkte man bereits bei der Ankunft am Flughafen,\u00a0wo uns unsere Gastfamilien herzlich begr\u00fc\u00dften!<\/p>\t\t\t\t\t\t<\/div>\n\t\t\t\t<\/div>\n\t\t\t\t\t<\/div>\n\t\t<\/div>\n\t\t\t\t\t<\/div>\n\t\t<\/section>\n\t\t\t\t<section class=\"elementor-section elementor-top-section elementor-element elementor-element-b4d1063 elementor-section-boxed elementor-section-height-default elementor-section-height-default\" data-id=\"b4d1063\" data-element_type=\"section\">\n\t\t\t\t\t\t<div class=\"elementor-container elementor-column-gap-default\">\n\t\t\t\t\t<div class=\"elementor-column elementor-col-100 elementor-top-column elementor-element elementor-element-6567dd3\" data-id=\"6567dd3\" data-element_type=\"column\">\n\t\t\t<div class=\"elementor-widget-wrap elementor-element-populated\">\n\t\t\t\t\t\t<div class=\"elementor-element elementor-element-8ed6b4f elementor-widget elementor-widget-image\" data-id=\"8ed6b4f\" data-element_type=\"widget\" data-widget_type=\"image.default\">\n\t\t\t\t<div class=\"elementor-widget-container\">\n\t\t\t\t\t\t\t\t\t\t\t\t\t<img decoding=\"async\" width=\"640\" height=\"640\" src=\"http:\/\/172.16.202.26\/wp-content\/uploads\/2022\/05\/4-768x768.jpg\" class=\"attachment-medium_large size-medium_large wp-image-5018\" alt=\"\" srcset=\"http:\/\/172.16.202.26\/wp-content\/uploads\/2022\/05\/4-768x768.jpg 768w, http:\/\/172.16.202.26\/wp-content\/uploads\/2022\/05\/4-300x300.jpg 300w, http:\/\/172.16.202.26\/wp-content\/uploads\/2022\/05\/4-1024x1024.jpg 1024w, http:\/\/172.16.202.26\/wp-content\/uploads\/2022\/05\/4-150x150.jpg 150w, http:\/\/172.16.202.26\/wp-content\/uploads\/2022\/05\/4-1536x1536.jpg 1536w, http:\/\/172.16.202.26\/wp-content\/uploads\/2022\/05\/4.jpg 2000w\" sizes=\"(max-width: 640px) 100vw, 640px\" \/>\t\t\t\t\t\t\t\t\t\t\t\t\t<\/div>\n\t\t\t\t<\/div>\n\t\t\t\t\t<\/div>\n\t\t<\/div>\n\t\t\t\t\t<\/div>\n\t\t<\/section>\n\t\t\t\t<section class=\"elementor-section elementor-top-section elementor-element elementor-element-17a12ad elementor-section-boxed elementor-section-height-default elementor-section-height-default\" data-id=\"17a12ad\" data-element_type=\"section\">\n\t\t\t\t\t\t<div class=\"elementor-container elementor-column-gap-default\">\n\t\t\t\t\t<div class=\"elementor-column elementor-col-100 elementor-top-column elementor-element elementor-element-54c3234\" data-id=\"54c3234\" data-element_type=\"column\">\n\t\t\t<div class=\"elementor-widget-wrap elementor-element-populated\">\n\t\t\t\t\t\t<div class=\"elementor-element elementor-element-fc85f8e elementor-widget elementor-widget-text-editor\" data-id=\"fc85f8e\" data-element_type=\"widget\" data-widget_type=\"text-editor.default\">\n\t\t\t\t<div class=\"elementor-widget-container\">\n\t\t\t\t\t\t\t<p>Nach dem Ankunftstag stand der Familientag am Programm. Dies bedeutete, dass unsere Sch\u00fcler*innen den Tag mit Ihren Gastfamilien verbrachten. Die meisten nutzten den sonnigen Tag f\u00fcr einen Ausflug in die K\u00fcstenstadt San Sebastian.<\/p>\t\t\t\t\t\t<\/div>\n\t\t\t\t<\/div>\n\t\t\t\t\t<\/div>\n\t\t<\/div>\n\t\t\t\t\t<\/div>\n\t\t<\/section>\n\t\t\t\t<section class=\"elementor-section elementor-top-section elementor-element elementor-element-2bc0e85 elementor-section-boxed elementor-section-height-default elementor-section-height-default\" data-id=\"2bc0e85\" data-element_type=\"section\">\n\t\t\t\t\t\t<div class=\"elementor-container elementor-column-gap-default\">\n\t\t\t\t\t<div class=\"elementor-column elementor-col-100 elementor-top-column elementor-element elementor-element-ae9839c\" data-id=\"ae9839c\" data-element_type=\"column\">\n\t\t\t<div class=\"elementor-widget-wrap elementor-element-populated\">\n\t\t\t\t\t\t<div class=\"elementor-element elementor-element-ccf2b0a elementor-widget elementor-widget-image\" data-id=\"ccf2b0a\" data-element_type=\"widget\" data-widget_type=\"image.default\">\n\t\t\t\t<div class=\"elementor-widget-container\">\n\t\t\t\t\t\t\t\t\t\t\t\t\t<img loading=\"lazy\" decoding=\"async\" width=\"640\" height=\"640\" src=\"http:\/\/172.16.202.26\/wp-content\/uploads\/2022\/05\/5-768x768.jpg\" class=\"attachment-medium_large size-medium_large wp-image-5030\" alt=\"\" srcset=\"http:\/\/172.16.202.26\/wp-content\/uploads\/2022\/05\/5-768x768.jpg 768w, http:\/\/172.16.202.26\/wp-content\/uploads\/2022\/05\/5-300x300.jpg 300w, http:\/\/172.16.202.26\/wp-content\/uploads\/2022\/05\/5-1024x1024.jpg 1024w, http:\/\/172.16.202.26\/wp-content\/uploads\/2022\/05\/5-150x150.jpg 150w, http:\/\/172.16.202.26\/wp-content\/uploads\/2022\/05\/5-1536x1536.jpg 1536w, http:\/\/172.16.202.26\/wp-content\/uploads\/2022\/05\/5.jpg 2000w\" sizes=\"(max-width: 640px) 100vw, 640px\" \/>\t\t\t\t\t\t\t\t\t\t\t\t\t<\/div>\n\t\t\t\t<\/div>\n\t\t\t\t\t<\/div>\n\t\t<\/div>\n\t\t\t\t\t<\/div>\n\t\t<\/section>\n\t\t\t\t<section class=\"elementor-section elementor-top-section elementor-element elementor-element-31b9767 elementor-section-boxed elementor-section-height-default elementor-section-height-default\" data-id=\"31b9767\" data-element_type=\"section\">\n\t\t\t\t\t\t<div class=\"elementor-container elementor-column-gap-default\">\n\t\t\t\t\t<div class=\"elementor-column elementor-col-100 elementor-top-column elementor-element elementor-element-69b6875\" data-id=\"69b6875\" data-element_type=\"column\">\n\t\t\t<div class=\"elementor-widget-wrap elementor-element-populated\">\n\t\t\t\t\t\t<div class=\"elementor-element elementor-element-c60fd93 elementor-widget elementor-widget-text-editor\" data-id=\"c60fd93\" data-element_type=\"widget\" data-widget_type=\"text-editor.default\">\n\t\t\t\t<div class=\"elementor-widget-container\">\n\t\t\t\t\t\t\t<p>Montags war dann der erste Programmpunkt in unserer Partnerschule, der IES Navarra Villoslada in Pamplona. Dort pr\u00e4sentierten die Gruppen aus den teilnehmenden Nationen Italien (Pavullo), Griechenland (Kalymnos), Spanien (Pamplona) und wir unsere Projektfortschritte rund um den humanoiden Roboter NAO. W\u00e4hrend die anderen Schulen sich sehr mit der Sprachsteuerung und dem Thema Inklusion besch\u00e4ftigten, hat unser Team einen einfachen Quick-Start Guide f\u00fcr Nao und Python \u00fcber unterschiedlichste Betriebssysteme auf einer Website zusammengefasst. Diese Seite kann einfach mit \u00dcbungen\/Aufgabenstellungen erweitert werden uns soll so das Projekt BRAIINS unterst\u00fctzen.<\/p>\t\t\t\t\t\t<\/div>\n\t\t\t\t<\/div>\n\t\t\t\t\t<\/div>\n\t\t<\/div>\n\t\t\t\t\t<\/div>\n\t\t<\/section>\n\t\t\t\t<section class=\"elementor-section elementor-top-section elementor-element elementor-element-02e8063 elementor-section-boxed elementor-section-height-default elementor-section-height-default\" data-id=\"02e8063\" data-element_type=\"section\">\n\t\t\t\t\t\t<div class=\"elementor-container elementor-column-gap-default\">\n\t\t\t\t\t<div class=\"elementor-column elementor-col-100 elementor-top-column elementor-element elementor-element-2e746fb\" data-id=\"2e746fb\" data-element_type=\"column\">\n\t\t\t<div class=\"elementor-widget-wrap elementor-element-populated\">\n\t\t\t\t\t\t<div class=\"elementor-element elementor-element-a69fb31 elementor-widget elementor-widget-image\" data-id=\"a69fb31\" data-element_type=\"widget\" data-widget_type=\"image.default\">\n\t\t\t\t<div class=\"elementor-widget-container\">\n\t\t\t\t\t\t\t\t\t\t\t\t\t<img loading=\"lazy\" decoding=\"async\" width=\"640\" height=\"640\" src=\"http:\/\/172.16.202.26\/wp-content\/uploads\/2022\/05\/6-768x768.jpg\" class=\"attachment-medium_large size-medium_large wp-image-5188\" alt=\"\" srcset=\"http:\/\/172.16.202.26\/wp-content\/uploads\/2022\/05\/6-768x768.jpg 768w, http:\/\/172.16.202.26\/wp-content\/uploads\/2022\/05\/6-300x300.jpg 300w, http:\/\/172.16.202.26\/wp-content\/uploads\/2022\/05\/6-1024x1024.jpg 1024w, http:\/\/172.16.202.26\/wp-content\/uploads\/2022\/05\/6-150x150.jpg 150w, http:\/\/172.16.202.26\/wp-content\/uploads\/2022\/05\/6-1536x1536.jpg 1536w, http:\/\/172.16.202.26\/wp-content\/uploads\/2022\/05\/6.jpg 2000w\" sizes=\"(max-width: 640px) 100vw, 640px\" \/>\t\t\t\t\t\t\t\t\t\t\t\t\t<\/div>\n\t\t\t\t<\/div>\n\t\t\t\t\t<\/div>\n\t\t<\/div>\n\t\t\t\t\t<\/div>\n\t\t<\/section>\n\t\t\t\t<section class=\"elementor-section elementor-top-section elementor-element elementor-element-ed0a4ed elementor-section-boxed elementor-section-height-default elementor-section-height-default\" data-id=\"ed0a4ed\" data-element_type=\"section\">\n\t\t\t\t\t\t<div class=\"elementor-container elementor-column-gap-default\">\n\t\t\t\t\t<div class=\"elementor-column elementor-col-100 elementor-top-column elementor-element elementor-element-c696376\" data-id=\"c696376\" data-element_type=\"column\">\n\t\t\t<div class=\"elementor-widget-wrap elementor-element-populated\">\n\t\t\t\t\t\t<div class=\"elementor-element elementor-element-477ecb1 elementor-widget elementor-widget-text-editor\" data-id=\"477ecb1\" data-element_type=\"widget\" data-widget_type=\"text-editor.default\">\n\t\t\t\t<div class=\"elementor-widget-container\">\n\t\t\t\t\t\t\t<p>Am Dienstag stand unter anderem ein Besuch der Firma dasNANO an. Dies ist eine Firma, die sich im Themenbereich Gesichtserkennung f\u00fcr Authentifizierungen mittels K\u00fcnstlicher Intelligenz spezialisiert hat. Die technisch versierten Fragen unserer Jungtechniker*innen haben den Vortragenden ebenso begeistert wie die ethisch-kritischen Fragen rund um den Datenschutz. Nach dem Firmenbesuch stand ein wenig Sightseeing am Programm \u2013 wir durften uns den Drehort der kommenden Netflix-Serie Vampire Academy, der Burg Olite, ansehen.<\/p>\t\t\t\t\t\t<\/div>\n\t\t\t\t<\/div>\n\t\t\t\t\t<\/div>\n\t\t<\/div>\n\t\t\t\t\t<\/div>\n\t\t<\/section>\n\t\t\t\t<section class=\"elementor-section elementor-top-section elementor-element elementor-element-3edc959 elementor-section-boxed elementor-section-height-default elementor-section-height-default\" data-id=\"3edc959\" data-element_type=\"section\">\n\t\t\t\t\t\t<div class=\"elementor-container elementor-column-gap-default\">\n\t\t\t\t\t<div class=\"elementor-column elementor-col-100 elementor-top-column elementor-element elementor-element-f867138\" data-id=\"f867138\" data-element_type=\"column\">\n\t\t\t<div class=\"elementor-widget-wrap elementor-element-populated\">\n\t\t\t\t\t\t<div class=\"elementor-element elementor-element-bbf9077 elementor-widget elementor-widget-image\" data-id=\"bbf9077\" data-element_type=\"widget\" data-widget_type=\"image.default\">\n\t\t\t\t<div class=\"elementor-widget-container\">\n\t\t\t\t\t\t\t\t\t\t\t\t\t<img loading=\"lazy\" decoding=\"async\" width=\"640\" height=\"640\" src=\"http:\/\/172.16.202.26\/wp-content\/uploads\/2022\/05\/7-768x768.jpg\" class=\"attachment-medium_large size-medium_large wp-image-5191\" alt=\"\" srcset=\"http:\/\/172.16.202.26\/wp-content\/uploads\/2022\/05\/7-768x768.jpg 768w, http:\/\/172.16.202.26\/wp-content\/uploads\/2022\/05\/7-300x300.jpg 300w, http:\/\/172.16.202.26\/wp-content\/uploads\/2022\/05\/7-1024x1024.jpg 1024w, http:\/\/172.16.202.26\/wp-content\/uploads\/2022\/05\/7-150x150.jpg 150w, http:\/\/172.16.202.26\/wp-content\/uploads\/2022\/05\/7-1536x1536.jpg 1536w, http:\/\/172.16.202.26\/wp-content\/uploads\/2022\/05\/7.jpg 2000w\" sizes=\"(max-width: 640px) 100vw, 640px\" \/>\t\t\t\t\t\t\t\t\t\t\t\t\t<\/div>\n\t\t\t\t<\/div>\n\t\t\t\t\t<\/div>\n\t\t<\/div>\n\t\t\t\t\t<\/div>\n\t\t<\/section>\n\t\t\t\t<section class=\"elementor-section elementor-top-section elementor-element elementor-element-f1fed70 elementor-section-boxed elementor-section-height-default elementor-section-height-default\" data-id=\"f1fed70\" data-element_type=\"section\">\n\t\t\t\t\t\t<div class=\"elementor-container elementor-column-gap-default\">\n\t\t\t\t\t<div class=\"elementor-column elementor-col-100 elementor-top-column elementor-element elementor-element-89de0de\" data-id=\"89de0de\" data-element_type=\"column\">\n\t\t\t<div class=\"elementor-widget-wrap elementor-element-populated\">\n\t\t\t\t\t\t<div class=\"elementor-element elementor-element-d08e1b5 elementor-widget elementor-widget-text-editor\" data-id=\"d08e1b5\" data-element_type=\"widget\" data-widget_type=\"text-editor.default\">\n\t\t\t\t<div class=\"elementor-widget-container\">\n\t\t\t\t\t\t\t<p>Am Mittwoch standen wieder Workshops in der IES Navarra Villoslada am Programm. Unsere Sch\u00fcler*innen besuchten dabei Workshops rund um einen Chatbot mit dem Tool IBM-Watson, einen Debattierworkshop, einen Train the Trainsers Workshop f\u00fcr KI relevante Themen oder engagierten sich mit Ihren Medientechnik-Kenntnissen im Bereich der Foto\/Film-technischen Dokumentation der Ereignisse.<\/p>\t\t\t\t\t\t<\/div>\n\t\t\t\t<\/div>\n\t\t\t\t\t<\/div>\n\t\t<\/div>\n\t\t\t\t\t<\/div>\n\t\t<\/section>\n\t\t\t\t<section class=\"elementor-section elementor-top-section elementor-element elementor-element-166eb40 elementor-section-boxed elementor-section-height-default elementor-section-height-default\" data-id=\"166eb40\" data-element_type=\"section\">\n\t\t\t\t\t\t<div class=\"elementor-container elementor-column-gap-default\">\n\t\t\t\t\t<div class=\"elementor-column elementor-col-100 elementor-top-column elementor-element elementor-element-aa24fe7\" data-id=\"aa24fe7\" data-element_type=\"column\">\n\t\t\t<div class=\"elementor-widget-wrap elementor-element-populated\">\n\t\t\t\t\t\t<div class=\"elementor-element elementor-element-2f15b72 elementor-widget elementor-widget-image\" data-id=\"2f15b72\" data-element_type=\"widget\" data-widget_type=\"image.default\">\n\t\t\t\t<div class=\"elementor-widget-container\">\n\t\t\t\t\t\t\t\t\t\t\t\t\t<img loading=\"lazy\" decoding=\"async\" width=\"640\" height=\"640\" src=\"http:\/\/172.16.202.26\/wp-content\/uploads\/2022\/05\/8-768x768.jpg\" class=\"attachment-medium_large size-medium_large wp-image-5192\" alt=\"\" srcset=\"http:\/\/172.16.202.26\/wp-content\/uploads\/2022\/05\/8-768x768.jpg 768w, http:\/\/172.16.202.26\/wp-content\/uploads\/2022\/05\/8-300x300.jpg 300w, http:\/\/172.16.202.26\/wp-content\/uploads\/2022\/05\/8-1024x1024.jpg 1024w, http:\/\/172.16.202.26\/wp-content\/uploads\/2022\/05\/8-150x150.jpg 150w, http:\/\/172.16.202.26\/wp-content\/uploads\/2022\/05\/8-1536x1536.jpg 1536w, http:\/\/172.16.202.26\/wp-content\/uploads\/2022\/05\/8.jpg 2000w\" sizes=\"(max-width: 640px) 100vw, 640px\" \/>\t\t\t\t\t\t\t\t\t\t\t\t\t<\/div>\n\t\t\t\t<\/div>\n\t\t\t\t\t<\/div>\n\t\t<\/div>\n\t\t\t\t\t<\/div>\n\t\t<\/section>\n\t\t\t\t<section class=\"elementor-section elementor-top-section elementor-element elementor-element-77dc465 elementor-section-boxed elementor-section-height-default elementor-section-height-default\" data-id=\"77dc465\" data-element_type=\"section\">\n\t\t\t\t\t\t<div class=\"elementor-container elementor-column-gap-default\">\n\t\t\t\t\t<div class=\"elementor-column elementor-col-100 elementor-top-column elementor-element elementor-element-9cc00a8\" data-id=\"9cc00a8\" data-element_type=\"column\">\n\t\t\t<div class=\"elementor-widget-wrap elementor-element-populated\">\n\t\t\t\t\t\t<div class=\"elementor-element elementor-element-9dac711 elementor-widget elementor-widget-text-editor\" data-id=\"9dac711\" data-element_type=\"widget\" data-widget_type=\"text-editor.default\">\n\t\t\t\t<div class=\"elementor-widget-container\">\n\t\t\t\t\t\t\t<p>Am Donnerstag stand wieder eine technische Exkursion in ein Datencenter in Pamplona auf dem Programm. Dort erl\u00e4uterte man die Einsatzgebiete dieses Standorts und ihre Forschungsprojekte f\u00fcr die DNA-Sequenzierung anhand von High Performance Computing. Obwohl unseren jungen Damen und Herren die Technik dahinter bekannt war, zeigte das Themengebiet der DNA-Sequenzierung eine sehr interessante Schnittstelle bzw. Einsatzgebiete zwischen IT und Biomedizin auf.<\/p>\t\t\t\t\t\t<\/div>\n\t\t\t\t<\/div>\n\t\t\t\t\t<\/div>\n\t\t<\/div>\n\t\t\t\t\t<\/div>\n\t\t<\/section>\n\t\t\t\t<section class=\"elementor-section elementor-top-section elementor-element elementor-element-ceabe4f elementor-section-boxed elementor-section-height-default elementor-section-height-default\" data-id=\"ceabe4f\" data-element_type=\"section\">\n\t\t\t\t\t\t<div class=\"elementor-container elementor-column-gap-default\">\n\t\t\t\t\t<div class=\"elementor-column elementor-col-100 elementor-top-column elementor-element elementor-element-d50d972\" data-id=\"d50d972\" data-element_type=\"column\">\n\t\t\t<div class=\"elementor-widget-wrap elementor-element-populated\">\n\t\t\t\t\t\t<div class=\"elementor-element elementor-element-83f36e1 elementor-widget elementor-widget-image\" data-id=\"83f36e1\" data-element_type=\"widget\" data-widget_type=\"image.default\">\n\t\t\t\t<div class=\"elementor-widget-container\">\n\t\t\t\t\t\t\t\t\t\t\t\t\t<img loading=\"lazy\" decoding=\"async\" width=\"640\" height=\"640\" src=\"http:\/\/172.16.202.26\/wp-content\/uploads\/2022\/05\/9-768x768.jpg\" class=\"attachment-medium_large size-medium_large wp-image-5193\" alt=\"\" srcset=\"http:\/\/172.16.202.26\/wp-content\/uploads\/2022\/05\/9-768x768.jpg 768w, http:\/\/172.16.202.26\/wp-content\/uploads\/2022\/05\/9-300x300.jpg 300w, http:\/\/172.16.202.26\/wp-content\/uploads\/2022\/05\/9-1024x1024.jpg 1024w, http:\/\/172.16.202.26\/wp-content\/uploads\/2022\/05\/9-150x150.jpg 150w, http:\/\/172.16.202.26\/wp-content\/uploads\/2022\/05\/9-1536x1536.jpg 1536w, http:\/\/172.16.202.26\/wp-content\/uploads\/2022\/05\/9.jpg 2000w\" sizes=\"(max-width: 640px) 100vw, 640px\" \/>\t\t\t\t\t\t\t\t\t\t\t\t\t<\/div>\n\t\t\t\t<\/div>\n\t\t\t\t\t<\/div>\n\t\t<\/div>\n\t\t\t\t\t<\/div>\n\t\t<\/section>\n\t\t\t\t<section class=\"elementor-section elementor-top-section elementor-element elementor-element-0766ec5 elementor-section-boxed elementor-section-height-default elementor-section-height-default\" data-id=\"0766ec5\" data-element_type=\"section\">\n\t\t\t\t\t\t<div class=\"elementor-container elementor-column-gap-default\">\n\t\t\t\t\t<div class=\"elementor-column elementor-col-100 elementor-top-column elementor-element elementor-element-629033a\" data-id=\"629033a\" data-element_type=\"column\">\n\t\t\t<div class=\"elementor-widget-wrap elementor-element-populated\">\n\t\t\t\t\t\t<div class=\"elementor-element elementor-element-d15e78d elementor-widget elementor-widget-text-editor\" data-id=\"d15e78d\" data-element_type=\"widget\" data-widget_type=\"text-editor.default\">\n\t\t\t\t<div class=\"elementor-widget-container\">\n\t\t\t\t\t\t\t<p>Am Nachmittag stand ein wenig Sightseeing in Pamplonas Altstadt am Programm. Das Spezielle dabei war, dass die Sch\u00fcler*innen der IES Navarra eine Art Schnitzeljagd organisiert hatten, wo man anhand eines Planes zu Punkten der Altstadt gehen musste, \u00a0um dort dann \u00fcber einen QR-Code einen Podcast mit wissenswerten Informationen \u00fcber den Standpunkt zu h\u00f6ren. \u00a0<\/p>\t\t\t\t\t\t<\/div>\n\t\t\t\t<\/div>\n\t\t\t\t\t<\/div>\n\t\t<\/div>\n\t\t\t\t\t<\/div>\n\t\t<\/section>\n\t\t\t\t<section class=\"elementor-section elementor-top-section elementor-element elementor-element-b8d29ba elementor-section-boxed elementor-section-height-default elementor-section-height-default\" data-id=\"b8d29ba\" data-element_type=\"section\">\n\t\t\t\t\t\t<div class=\"elementor-container elementor-column-gap-default\">\n\t\t\t\t\t<div class=\"elementor-column elementor-col-100 elementor-top-column elementor-element elementor-element-b903178\" data-id=\"b903178\" data-element_type=\"column\">\n\t\t\t<div class=\"elementor-widget-wrap elementor-element-populated\">\n\t\t\t\t\t\t<div class=\"elementor-element elementor-element-624874c elementor-widget elementor-widget-image\" data-id=\"624874c\" data-element_type=\"widget\" data-widget_type=\"image.default\">\n\t\t\t\t<div class=\"elementor-widget-container\">\n\t\t\t\t\t\t\t\t\t\t\t\t\t<img loading=\"lazy\" decoding=\"async\" width=\"640\" height=\"640\" src=\"http:\/\/172.16.202.26\/wp-content\/uploads\/2022\/05\/10-768x768.jpg\" class=\"attachment-medium_large size-medium_large wp-image-5194\" alt=\"\" srcset=\"http:\/\/172.16.202.26\/wp-content\/uploads\/2022\/05\/10-768x768.jpg 768w, http:\/\/172.16.202.26\/wp-content\/uploads\/2022\/05\/10-300x300.jpg 300w, http:\/\/172.16.202.26\/wp-content\/uploads\/2022\/05\/10-1024x1024.jpg 1024w, http:\/\/172.16.202.26\/wp-content\/uploads\/2022\/05\/10-150x150.jpg 150w, http:\/\/172.16.202.26\/wp-content\/uploads\/2022\/05\/10-1536x1536.jpg 1536w, http:\/\/172.16.202.26\/wp-content\/uploads\/2022\/05\/10.jpg 2000w\" sizes=\"(max-width: 640px) 100vw, 640px\" \/>\t\t\t\t\t\t\t\t\t\t\t\t\t<\/div>\n\t\t\t\t<\/div>\n\t\t\t\t\t<\/div>\n\t\t<\/div>\n\t\t\t\t\t<\/div>\n\t\t<\/section>\n\t\t\t\t<section class=\"elementor-section elementor-top-section elementor-element elementor-element-b0850c7 elementor-section-boxed elementor-section-height-default elementor-section-height-default\" data-id=\"b0850c7\" data-element_type=\"section\">\n\t\t\t\t\t\t<div class=\"elementor-container elementor-column-gap-default\">\n\t\t\t\t\t<div class=\"elementor-column elementor-col-100 elementor-top-column elementor-element elementor-element-bc4d369\" data-id=\"bc4d369\" data-element_type=\"column\">\n\t\t\t<div class=\"elementor-widget-wrap elementor-element-populated\">\n\t\t\t\t\t\t<div class=\"elementor-element elementor-element-5c7c533 elementor-widget elementor-widget-text-editor\" data-id=\"5c7c533\" data-element_type=\"widget\" data-widget_type=\"text-editor.default\">\n\t\t\t\t<div class=\"elementor-widget-container\">\n\t\t\t\t\t\t\t<p>Freitag war der Abschlusstag, der von den Pr\u00e4sentationen rund um die durchgef\u00fchrten Workshops gepr\u00e4gt war. Das Highlight war sicher das Theaterst\u00fcck der Griechen, die sich an die Novelle \u201eKlara and the sun\u201c, ein St\u00fcck mit KI-Hintergrund, heranwagten. Im abschlie\u00dfenden Finale des Debattierworkshop konnte das Team mit unserer Beteiligung den ersten Platz erlangen.<\/p>\t\t\t\t\t\t<\/div>\n\t\t\t\t<\/div>\n\t\t\t\t\t<\/div>\n\t\t<\/div>\n\t\t\t\t\t<\/div>\n\t\t<\/section>\n\t\t\t\t<section class=\"elementor-section elementor-top-section elementor-element elementor-element-61640a8 elementor-section-boxed elementor-section-height-default elementor-section-height-default\" data-id=\"61640a8\" data-element_type=\"section\">\n\t\t\t\t\t\t<div class=\"elementor-container elementor-column-gap-default\">\n\t\t\t\t\t<div class=\"elementor-column elementor-col-100 elementor-top-column elementor-element elementor-element-fdcd901\" data-id=\"fdcd901\" data-element_type=\"column\">\n\t\t\t<div class=\"elementor-widget-wrap elementor-element-populated\">\n\t\t\t\t\t\t<div class=\"elementor-element elementor-element-8e3e739 elementor-widget elementor-widget-image\" data-id=\"8e3e739\" data-element_type=\"widget\" data-widget_type=\"image.default\">\n\t\t\t\t<div class=\"elementor-widget-container\">\n\t\t\t\t\t\t\t\t\t\t\t\t\t<img fetchpriority=\"high\" decoding=\"async\" width=\"1597\" height=\"819\" src=\"http:\/\/172.16.202.26\/wp-content\/uploads\/2022\/05\/2.png\" class=\"attachment-full size-full wp-image-5016\" alt=\"\" srcset=\"http:\/\/172.16.202.26\/wp-content\/uploads\/2022\/05\/2.png 1597w, http:\/\/172.16.202.26\/wp-content\/uploads\/2022\/05\/2-300x154.png 300w, http:\/\/172.16.202.26\/wp-content\/uploads\/2022\/05\/2-1024x525.png 1024w, http:\/\/172.16.202.26\/wp-content\/uploads\/2022\/05\/2-768x394.png 768w, http:\/\/172.16.202.26\/wp-content\/uploads\/2022\/05\/2-1536x788.png 1536w\" sizes=\"(max-width: 1597px) 100vw, 1597px\" \/>\t\t\t\t\t\t\t\t\t\t\t\t\t<\/div>\n\t\t\t\t<\/div>\n\t\t\t\t<div class=\"elementor-element elementor-element-bb02dd2 elementor-widget elementor-widget-text-editor\" data-id=\"bb02dd2\" data-element_type=\"widget\" data-widget_type=\"text-editor.default\">\n\t\t\t\t<div class=\"elementor-widget-container\">\n\t\t\t\t\t\t\t<p>Nach der Verteilung der Teilnahmediplome waren sich alle einig, dass dies eine wirklich bereichernde Woche war, die gepr\u00e4gt vom internationalen Austausch viele kulturelle, aber auch technische Highlights hatte. Das Leben bei den Gastfamilien erm\u00f6glichte tolle Einblicke in das Leben in Pamplona und wurde von den meisten Sch\u00fcler*innen als die beste Erfahrung beschrieben. Viele unserer Sch\u00fcler*innen freuen sich bereits auf die kommende ERASMUS-Woche in Wien und dass sie dann im Gegenzug die Sch\u00fcler*innen der IES Navorrro Villoslada aufnehmen k\u00f6nnen.<\/p><p>\u00a0<\/p><p>Die neu gewonnenen internationalen Freundschaften zeigten sich beim r\u00fchrenden Abschied am Flughafen. Wir freuen uns bereits alle auf die kommende Woche mit allen Schulen aus Italien, Griechenland und Spanien in Wien!<\/p>\t\t\t\t\t\t<\/div>\n\t\t\t\t<\/div>\n\t\t\t\t\t<\/div>\n\t\t<\/div>\n\t\t\t\t\t<\/div>\n\t\t<\/section>\n\t\t\t\t<section class=\"elementor-section elementor-top-section elementor-element elementor-element-bf7f1cd elementor-section-boxed elementor-section-height-default elementor-section-height-default\" data-id=\"bf7f1cd\" data-element_type=\"section\">\n\t\t\t\t\t\t<div class=\"elementor-container elementor-column-gap-default\">\n\t\t\t\t\t<div class=\"elementor-column elementor-col-100 elementor-top-column elementor-element elementor-element-af06617\" data-id=\"af06617\" data-element_type=\"column\">\n\t\t\t<div class=\"elementor-widget-wrap elementor-element-populated\">\n\t\t\t\t\t\t<div class=\"elementor-element elementor-element-ec232b1 elementor-widget elementor-widget-image\" data-id=\"ec232b1\" data-element_type=\"widget\" data-widget_type=\"image.default\">\n\t\t\t\t<div class=\"elementor-widget-container\">\n\t\t\t\t\t\t\t\t\t\t\t\t\t<img decoding=\"async\" src=\"http:\/\/172.16.202.26\/wp-content\/uploads\/elementor\/thumbs\/11-e1686742300562-q7y6e9xysgm90cdlr24y9kceizpmr61wc3o5zp39pw.png\" title=\"\" alt=\"\" loading=\"lazy\" \/>\t\t\t\t\t\t\t\t\t\t\t\t\t<\/div>\n\t\t\t\t<\/div>\n\t\t\t\t\t<\/div>\n\t\t<\/div>\n\t\t\t\t\t<\/div>\n\t\t<\/section>\n\t\t\t\t<section class=\"elementor-section elementor-top-section elementor-element elementor-element-f13c839 elementor-section-boxed elementor-section-height-default elementor-section-height-default\" data-id=\"f13c839\" data-element_type=\"section\">\n\t\t\t\t\t\t<div class=\"elementor-container elementor-column-gap-default\">\n\t\t\t\t\t<div class=\"elementor-column elementor-col-100 elementor-top-column elementor-element elementor-element-17d49fe\" data-id=\"17d49fe\" data-element_type=\"column\">\n\t\t\t<div class=\"elementor-widget-wrap elementor-element-populated\">\n\t\t\t\t\t\t<div class=\"elementor-element elementor-element-ac42f69 elementor-widget elementor-widget-text-editor\" data-id=\"ac42f69\" data-element_type=\"widget\" data-widget_type=\"text-editor.default\">\n\t\t\t\t<div class=\"elementor-widget-container\">\n\t\t\t\t\t\t\t<div data-mobiledoc=\"{&quot;version&quot;:&quot;0.3.2&quot;,&quot;atoms&quot;:[],&quot;cards&quot;:[],&quot;markups&quot;:[],&quot;sections&quot;:[[1,&quot;p&quot;,[[0,[],0,&quot;Das Projekt wird gef\u00f6rdert aus den Mitteln der Europ\u00e4ischen Union im Zuge des Erasmus Programms.&quot;]]]]}\"><div><p style=\"text-align: center;\">Dieses Projekt wurde mit Unterst\u00fctzung der Europ\u00e4ischen Kommission finanziert.<\/p><p style=\"text-align: center;\">Die Verantwortung f\u00fcr den Inhalt dieser Ver\u00f6ffentlichung tr\u00e4gt allein der Verfasser;<\/p><p style=\"text-align: center;\">die Kommission haftet nicht f\u00fcr die weitere Verwendung der darin enthaltenen Angaben.<\/p><\/div><\/div>\t\t\t\t\t\t<\/div>\n\t\t\t\t<\/div>\n\t\t\t\t\t<\/div>\n\t\t<\/div>\n\t\t\t\t\t<\/div>\n\t\t<\/section>\n\t\t\t\t<\/div>\n\t\t","protected":false},"excerpt":{"rendered":"<p>Vom 26.3. bis 2.4.2022 war eine Delegation unserer Abteilung im Rahmen unseres ERASMUS+ Projekt BRAIINS (Bring AI In Schools) auf Austauschwoche in Pamplona, Spanien.<\/p>\n","protected":false},"author":3,"featured_media":5016,"comment_status":"closed","ping_status":"closed","sticky":false,"template":"elementor_header_footer","format":"standard","meta":[],"categories":[22],"tags":[71],"_links":{"self":[{"href":"http:\/\/172.16.202.26\/index.php?rest_route=\/wp\/v2\/posts\/5014"}],"collection":[{"href":"http:\/\/172.16.202.26\/index.php?rest_route=\/wp\/v2\/posts"}],"about":[{"href":"http:\/\/172.16.202.26\/index.php?rest_route=\/wp\/v2\/types\/post"}],"author":[{"embeddable":true,"href":"http:\/\/172.16.202.26\/index.php?rest_route=\/wp\/v2\/users\/3"}],"replies":[{"embeddable":true,"href":"http:\/\/172.16.202.26\/index.php?rest_route=%2Fwp%2Fv2%2Fcomments&post=5014"}],"version-history":[{"count":74,"href":"http:\/\/172.16.202.26\/index.php?rest_route=\/wp\/v2\/posts\/5014\/revisions"}],"predecessor-version":[{"id":14806,"href":"http:\/\/172.16.202.26\/index.php?rest_route=\/wp\/v2\/posts\/5014\/revisions\/14806"}],"wp:featuredmedia":[{"embeddable":true,"href":"http:\/\/172.16.202.26\/index.php?rest_route=\/wp\/v2\/media\/5016"}],"wp:attachment":[{"href":"http:\/\/172.16.202.26\/index.php?rest_route=%2Fwp%2Fv2%2Fmedia&parent=5014"}],"wp:term":[{"taxonomy":"category","embeddable":true,"href":"http:\/\/172.16.202.26\/index.php?rest_route=%2Fwp%2Fv2%2Fcategories&post=5014"},{"taxonomy":"post_tag","embeddable":true,"href":"http:\/\/172.16.202.26\/index.php?rest_route=%2Fwp%2Fv2%2Ftags&post=5014"}],"curies":[{"name":"wp","href":"https:\/\/api.w.org\/{rel}","templated":true}]}}